{"id":1003,"date":"2008-05-09T12:00:00","date_gmt":"2008-05-09T00:00:00","guid":{"rendered":"http:\/\/queme.org\/en\/a-loccasion-de-la-journe-internationale-du-vesak-hanoi-des-personnalits-internationales-demandent-au-vietnam-la-fin-de-la-rpression-religieuse-et-la-libration\/"},"modified":"2016-09-09T13:47:15","modified_gmt":"2016-09-09T13:47:15","slug":"a-loccasion-de-la-journe-internationale-du-vesak-hanoi-des-personnalits-internationales-demandent-au-vietnam-la-fin-de-la-rpression-religieuse-et-la-libration","status":"publish","type":"post","link":"https:\/\/queme.org\/fr\/a-loccasion-de-la-journe-internationale-du-vesak-hanoi-des-personnalits-internationales-demandent-au-vietnam-la-fin-de-la-rpression-religieuse-et-la-libration\/","title":{"rendered":"A l\u2019occasion de la Journ\u00e9e Internationale du Vesak \u00e0 Hanoi, des personnalit\u00e9s internationales demandent au Vietnam la fin de la r\u00e9pression religieuse et la lib\u00e9ration de Thich Huyen Quang et de Thich Quang Do"},"content":{"rendered":"<p>PARIS, 9 mai 2008 (COMITE VIETNAM) &#8211; 57 \u00e9minentes personnalit\u00e9s internationales, dont un Prix Nobel de la Paix, des religieux de toutes confessions, des membres du Parlement Europ\u00e9en, du Congr\u00e8s am\u00e9ricain, des s\u00e9nateurs et d\u00e9put\u00e9s d\u2019Italie, de France et d Royaume-Uni, ont conjointement \u00e9crit aux autorit\u00e9s vietnamiennes pour leur demander de mettre fin \u00e0 la r\u00e9pression contre l\u2019Eglise Bouddhique Unifi\u00e9e du Vietnam (EBUV) et lib\u00e9rer imm\u00e9diatement le Patriarche Supr\u00eame Thich Huyen Quang et Thich Quang Do \u00e0 l\u2019occasion de la Journ\u00e9e Internationale de l\u2019ONU du Vesak (anniversaire de la Naissance, de l\u2019Eveil et de l\u2019Extinction du Bouddha), du 13 au 17 mai prochain.<\/p>\n<p>Dans une lettre au Pr\u00e9sident vietnamien Nguyen Minh Triet, au Premier Ministre Nguyen Tan Dung et d\u2019autres dirigeants vietnamiens, les signataires s\u2019inqui\u00e8tent du contraste qui existent entre les c\u00e9l\u00e9brations grandioses que pr\u00e9voit le r\u00e9gime de Hanoi et la recrudescence d\u2019une r\u00e9pression religieuse anti-bouddhiste qui n\u2019a jamais cess\u00e9\u00a0: <em>\u00ab\u00a0Nous sommes profond\u00e9ment pr\u00e9occup\u00e9s par les rapports r\u00e9cents faisant \u00e9tat d\u2019une grave r\u00e9pression contre le Bouddhisme, cette foi que vous pr\u00e9tendez c\u00e9l\u00e9brer\u00a0\u00bb<\/em>. Notant que <em>\u00ab\u00a0la police a fait main basse sur les pagodes de l\u2019EBUV afin d\u2019\u00eatre utilis\u00e9es pour les c\u00e9l\u00e9brations de l\u2019Eglise d\u2019Etat, en a expuls\u00e9 les bonzes, nonnes et la\u00efcs de l\u2019EBUV et les harc\u00e8le dans les provinces de Lam Dong, Hue, Quang Tri et ailleurs\u00a0\u00bb<\/em>, les auteurs de la lettre se montrent particuli\u00e8rement pr\u00e9occup\u00e9s du fait que seule l\u2019Eglise bouddhiste d\u2019Etat peut organiser les c\u00e9r\u00e9monies du Vesak alrs que les dignitaires de l\u2019EBUV sont <em>\u00ab\u00a0prisonniers dans leurs propres pagodes\u00a0\u00bb<\/em>.<\/p>\n<p>Ils demandent aux autorit\u00e9s vietnamiennes qu\u2019\u00e0 l\u2019occasion de la Journ\u00e9e Internationale du Vesak\u00a0: 1) le Patriarche de l\u2019EBUV Thich Huyen Quang (88 ans) et le Tr\u00e8s V\u00e9n\u00e9rable Thich Quang Do (80 ans) soient lib\u00e9r\u00e9s d\u2019une d\u00e9tention qui durent depuis plus de 26 ans, 2) le statut l\u00e9gal de l\u2019EBUV soit restaur\u00e9 et 3) les pers\u00e9cutions religieuses contre l\u2019EBUV cessent.<\/p>\n<p>Parmi les signataires figurent le Prix Nobel de la Paix <strong>Mairead Corrigan-Maguire<\/strong> (Irlande du Nord), le membre du Congr\u00e8s am\u00e9ricain <strong>Frank Wolf<\/strong>, l\u2019\u00e9v\u00eaque catholique tch\u00e8que <strong>Vaclav Maly<\/strong>, le rabin <strong>Shmuel Herzfeld<\/strong>, d\u2019\u00e9minents d\u00e9put\u00e9s europ\u00e9ens comme <strong>Graham Watson<\/strong>, <strong>Marco Pannella<\/strong>, <strong>Edward McMilla-Scott<\/strong>, la Vice-Pr\u00e9sidente du S\u00e9nat italien <strong>Emma Bonino<\/strong>, Vice-Pr\u00e9sidente du S\u00e9nat italien, <strong>Nina Shea<\/strong>, membre de la Commission am\u00e9ricaine sur la Libert\u00e9 Religieuse Internationale, les Lords <strong>Avebury<\/strong> et <strong>Alton of Liverpool<\/strong> de la Chambres des Lords&#8230;<\/p>\n<hr>\n<p><em>Texte int\u00e9gral de la lettre\u00a0:<\/em><\/p>\n<p>A l\u2019attention de\u00a0:<br \/>\nS.E. Nguyen Minh Triet, Pr\u00e9sident, R\u00e9publique Socialiste du Vietnam<br \/>\nS.E. Nguyen Tan Dung, Premier Ministre<br \/>\nS.E. Nong Duc Manh, Secr\u00e9taire G\u00e9n\u00e9ral, Parti Communiste du Vietnam<br \/>\nS.E. Nguyen Phu Trong, Pr\u00e9sident de l\u2019Assembl\u00e9e Nationale<\/p>\n<p>Vos Excellences,<\/p>\n<p>Les 13-17 mai 2008, votre gouvernement accueillera la V\u00e8me Journ\u00e9e de l\u2019ONU du Vesak \u00e0 Hanoi. Ce devrait \u00eatre une occasion heureuse, un jour \u00e0 la m\u00e9moire du message de tol\u00e9rance et de paix du Bouddha, et une source d\u2019inspiration pour que tous, Bouddhistes et non-Bouddhistes, travaillent ensemble dans un esprit de compr\u00e9hension mutuelle et de coexistence harmonieuse.<\/p>\n<p>Cependant, nous sommes profond\u00e9ment pr\u00e9occup\u00e9s par les rapports r\u00e9cents faisant \u00e9tat d\u2019une grave r\u00e9pression contre le Bouddhisme, cette foi que vous pr\u00e9tendez c\u00e9l\u00e9brer. Seule l\u2019Eglise d\u2019Etat, le Sangha Bouddhiste du Vietnam, contr\u00f4l\u00e9e par le Front de la Patrie du Parti Communiste, pourra assister \u00e0 ces festivit\u00e9s, alors que l\u2019Eglise Bouddhique Unifi\u00e9e du Vietnam (EBUV), l\u2019Eglise traditionnelle et ind\u00e9pendante, reste interdite et ses dignitaires prisonniers dans leurs propres pagodes.<\/p>\n<p>En pr\u00e9paration du Vesak, la police a fait main basse sur les pagodes de l\u2019EBUV afin d\u2019\u00eatre utilis\u00e9es pour les c\u00e9l\u00e9brations de l\u2019Eglise d\u2019Etat, en a expuls\u00e9 les bonzes, nonnes et la\u00efcs de l\u2019EBUV et les harc\u00e8le dans les provinces de Lam Dong, Hue, Quang Tri et ailleurs. Le 2 mai 2008, la Commission am\u00e9ricaine sur le Libert\u00e9 Religieuse Internationale (USCIRF, organisation ind\u00e9pendante cr\u00e9\u00e9e par la loi pour conseiller le Congr\u00e8s et le Pr\u00e9sident des Etats-Unis sur la libert\u00e9 religieuse) a exprim\u00e9 sa s\u00e9rieuse pr\u00e9occupation concernant des <em>\u00ab\u00a0harc\u00e8lements d\u2019Etat significatifs contre les bonzes, nonnes et dirigeants de la jeunesse en relation avec l\u2019EBUV\u00a0\u00bb<\/em>, dont le placement de longue haleine en r\u00e9sidence surveill\u00e9e du Patriarche de l\u2019EBUV Thich Huyen Quang (88 ans) et de son adjoint Thich Quang Do (80 ans), qui a \u00e9t\u00e9 propos\u00e9 pour le Prix Nobel de la Paix 2008. Tous deux ont pass\u00e9 chacun plus de 26 ans en d\u00e9tention pour leur engagement pacifique en faveur de la libert\u00e9 religieuse, de la d\u00e9mocratie et des droits de l\u2019Homme. En outre, \u00e0 la lumi\u00e8re des graves exactions contre les Bouddhistes, les Protestants, les Catholiques, les Hoa Hao, les Cao Dai et les autres communaut\u00e9s religieuses, la USCIRF a recommand\u00e9 de remettre le Vietnam sur la liste 2008 des \u00ab\u00a0Pays Particuli\u00e8rement Pr\u00e9occupants\u00a0\u00bb en mati\u00e8re de libert\u00e9 religieuse (CPC).<\/p>\n<p>Nous appr\u00e9cions les progr\u00e8s que vous avez r\u00e9alis\u00e9s dans certains domaines, mais ils restent insuffisants. En tant que membre de l\u2019Organisation Mondiale du Commerce, membre non-permanent du Conseil de S\u00e9curit\u00e9 de l\u2019ONU et signataires des principaux trait\u00e9s de protection des droits de l\u2019Homme de l\u2019ONU, le Vietnam a l\u2019obligation de respecter tous les droits de l\u2019Homme internationalement reconnus, en premier lieu la m\u00e8re de toutes les libert\u00e9s\u00a0: le droit \u00e0 la libert\u00e9 de pens\u00e9e, de conscience, de religion et de croyance.<\/p>\n<p>A l\u2019occasion de la Journ\u00e9e Internationale du Vesak, nous vous pressons donc de cesser la r\u00e9pression contre l\u2019EBUV, de lib\u00e9rer imm\u00e9diatement le Patriarche Thich Huyen Quang et le Tr\u00e8s V\u00e9n\u00e9rable Thich Quang Do, et de restaurer le statut l\u00e9gal de l\u2019EBUV. Par ces gestes, vous r\u00e9tablirez la v\u00e9ritable signification de la Journ\u00e9e Internationale du Vesak et honorerez l\u2019h\u00e9ritage deux fois mill\u00e9naire du Bouddhisme au Vietnam.<\/p>\n<p>Nous vous prions d\u2019agr\u00e9er, Vos Excellences, l\u2019expression de notre tr\u00e8s haute distinction.<\/p>\n<p><em>Signataires\u00a0:<\/em><br \/>\n<strong>Mairead Corrigan-Maguire<\/strong>, Prix Nobel de la Paix (Irlande du Nord)\u00a0; <strong>Frank R. Wolf<\/strong>, Co-Pr\u00e9sident du Caucus des Droits de l\u2019Homme du Congr\u00e8s am\u00e9ricain (USA)\u00a0; l\u2019\u00e9v\u00eaque <strong>Vaclav Maly<\/strong> (Ev\u00eaque de Prague, Pr\u00e9sident de la Commission Justice et Paix de la Conf\u00e9rence des \u00e9v\u00eaques tch\u00e8ques)\u00a0; le Rabin <strong>Shmuel Herzfeld<\/strong> (Washington DC, USA)\u00a0; <strong>Nina Shea<\/strong>, Directrice du Hudson Institute Center for Religious Freedom, Membre de la US Commission on International Religious Freedom (USA)\u00a0; <strong>Graham Watson<\/strong> (D\u00e9put\u00e9 europ\u00e9en, Pr\u00e9sident du Groupe Alliance des Lib\u00e9raux et D\u00e9mocrates pour l\u2019Europe)\u00a0; <strong>Marco Pannella<\/strong> (D\u00e9put\u00e9 europ\u00e9en, Italie)\u00a0; <strong>Edward McMillan-Scott<\/strong> (D\u00e9put\u00e9 europ\u00e9en, Vice-Pr\u00e9sident du Parlement Europ\u00e9en, RU)\u00a0; <strong>Luisa Morgantini<\/strong> (D\u00e9put\u00e9e europ\u00e9enne, Vice-Pr\u00e9sidente du Parlement Europ\u00e9en, Italie)\u00a0; <strong>Emma Bonino<\/strong> (Vice-Pr\u00e9sidente du S\u00e9nat italien)\u00a0; <strong>Marco Cappatto<\/strong> (D\u00e9put\u00e9 europ\u00e9en, Rapporteur sur les droits de l\u2019Homme)\u00a0; <strong>Lord Avebury<\/strong>, Vice-Pr\u00e9sident du Groupe Parlementaire sur les droits de l\u2019Homme (RU)\u00a0; le <strong>Professeur Lord Alton of Liverpool<\/strong> (RU)\u00a0; <strong>Robert Evans<\/strong> (D\u00e9put\u00e9 europ\u00e9en, RU)\u00a0; <strong>J\u00f3zef Pinior<\/strong> (D\u00e9put\u00e9 europ\u00e9en)\u00a0; <strong>Luca Romagnoli<\/strong> (D\u00e9put\u00e9 europ\u00e9en)\u00a0; <strong>Charles Tannock<\/strong> (D\u00e9put\u00e9 europ\u00e9en, RU)\u00a0; <strong>Kinga G\u00e1l<\/strong> (D\u00e9put\u00e9e europ\u00e9enne, Hongrie)\u00a0; <strong>Ra\u00fcl Romeva i Rueda<\/strong> (D\u00e9put\u00e9 europ\u00e9en, Espagne)\u00a0; <strong>Gabriele Albertini<\/strong> (D\u00e9put\u00e9 europ\u00e9en, ancien maire de Milan, Italie)\u00a0; <strong>Marco Perduca<\/strong> (S\u00e9nateur, Italie)\u00a0; <strong>Donatella Poretti<\/strong> (S\u00e9natrice, Italie)\u00a0; <strong>Roberto Della Sete<\/strong>, (S\u00e9nateur, Italy)\u00a0; <strong>Maurizio Turco<\/strong> (D\u00e9put\u00e9, Italie)\u00a0; <strong>Matteo Meccaci<\/strong> (D\u00e9put\u00e9, Italie); <strong>Maria Antonietta Farina Coscioni<\/strong> (D\u00e9put\u00e9e, Italie)\u00a0; <strong>Rita Bernardini<\/strong> (D\u00e9put\u00e9, Italie)\u00a0; <strong>Elisabetta Zamparutti<\/strong> (D\u00e9put\u00e9e, Italie)\u00a0; <strong>Marco Beltrandi<\/strong> (D\u00e9put\u00e9, Italie)\u00a0; <strong>Andrea Sarubbi<\/strong> (D\u00e9put\u00e9, Italie)\u00a0; <strong>Renato Farina<\/strong> (D\u00e9put\u00e9, Italie)\u00a0; <strong>Giovanni Fava<\/strong> (D\u00e9put\u00e9, Italie)\u00a0; <strong>No\u00ebl Mam\u00e8re<\/strong> (D\u00e9put\u00e9, France)\u00a0; <strong>Son Chhay<\/strong> (D\u00e9put\u00e9, Cambodge)\u00a0; <strong>Therese Jebsen<\/strong>, Directrice Ex\u00e9cutive de la Rafto Foundation (Norv\u00e8ge)\u00a0; <strong>Arne Liljedahl Lynngard<\/strong>, Pr\u00e9sident du Comit\u00e9 du Prix Rafto (Norv\u00e8ge)\u00a0; <strong>Tina Lambert<\/strong>, Christian Solidarity Worldwide\u00a0; <strong>Julia Doxat-Purser<\/strong>, European Evangelical Alliance\u00a0; <strong>Venerable Katsuyuki Imoto<\/strong>, Catuddisa Sangha, Japon\u00a0; <strong>Jennifer Windsor<\/strong>, Directrice Ex\u00e9cutive, Freedom House (USA)\u00a0; <strong>Kok Ksor<\/strong>, Pr\u00e9sident de la Montagnard Foundation\u00a0; <strong>Bob LaGamma<\/strong>, Directeur Ex\u00e9cutif du Conseil pour une Communaut\u00e9 des D\u00e9mocraties\u00a0; <strong>Daniela Lucia Rapisarda<\/strong>, Coordinatrice de Norwegian Ecumenical Peace Platform of the Christian Council of Norway (Norv\u00e8ge)\u00a0; <strong>Arie de Pater<\/strong> (Open Doors International)\u00a0; <em>Bureau de l\u2019Eglise Bouddhique Unifi\u00e9e du Vietnam \u00e0 l\u2019\u00e9tranger\u00a0:<\/em> <strong>Tr\u00e8s V\u00e9n\u00e9rable Thich Ho Giac<\/strong>, Pr\u00e9sident\u00a0; <strong>V\u00e9n\u00e9rable Thich Vien Ly<\/strong>, Secr\u00e9taire G\u00e9n\u00e9ral\u00a0; <strong>Tr\u00e8s V\u00e9n\u00e9rable Thich Nu Nguyen Thanh<\/strong>, Tr\u00e9sorier\u00a0; <strong>Tr\u00e8s V\u00e9n\u00e9rable Thich Chanh Lac<\/strong>, Commissaire g\u00e9n\u00e9ral pour les Affaires internes et du Dharma\u00a0; <strong>Vo Van Ai<\/strong>, Commissaire g\u00e9n\u00e9ral pour les Affaires internationales\u00a0; <strong>Reverend Thich Giac Duc<\/strong>, Commissaire g\u00e9n\u00e9ral pour la Gestion\u00a0; <strong>Tr\u00e8s V\u00e9n\u00e9rable Thich Tri Lang<\/strong>, Commissaire g\u00e9n\u00e9ral pour les Affaires Sociales\u00a0; <strong> Tr\u00e8s V\u00e9n\u00e9rable Thich Chon Tri<\/strong>, Commissaire \u00e0 l\u2019Education\u00a0; <strong>V\u00e9n\u00e9rable Thich Giac Dang<\/strong>, Commissaire g\u00e9n\u00e9ral pour l\u2019Information\u00a0; <strong>Tr\u00e8s V\u00e9n\u00e9rable Thich Huyen Viet<\/strong>, Commissaire g\u00e9n\u00e9ral pour la Jeunesse\u00a0; <strong>V\u00e9n\u00e9rable Thich Phuoc Nhon<\/strong>, Commissaire g\u00e9n\u00e9ral pour les Affaires financi\u00e8res (Australie)\u00a0; <strong>Tr\u00e8s V\u00e9n\u00e9rable Thich Tri Minh<\/strong>, Commissaire g\u00e9n\u00e9ral pour l\u2019Europe\u00a0; <strong>Tr\u00e8s V\u00e9n\u00e9rable Thich Thien Tam<\/strong>, Commissaire g\u00e9n\u00e9ral pour le Canada.<\/p>\n","protected":false},"excerpt":{"rendered":"<p>PARIS, 9 mai 2008 (COMITE VIETNAM) &#8211; 57 \u00e9minentes personnalit\u00e9s internationales, dont un Prix Nobel de la Paix, des religieux de toutes confessions, des membres du Parlement Europ\u00e9en, du Congr\u00e8s am\u00e9ricain, des s\u00e9nateurs et d\u00e9put\u00e9s d\u2019Italie, de France et d Royaume-Uni, ont conjointement \u00e9crit aux autorit\u00e9s vietnamiennes pour leur demander de mettre fin \u00e0 la &hellip;<\/p>\n","protected":false},"author":375,"featured_media":0,"comment_status":"closed","ping_status":"closed","sticky":false,"template":"","format":"standard","meta":{"_bbp_topic_count":0,"_bbp_reply_count":0,"_bbp_total_topic_count":0,"_bbp_total_reply_count":0,"_bbp_voice_count":0,"_bbp_anonymous_reply_count":0,"_bbp_topic_count_hidden":0,"_bbp_reply_count_hidden":0,"_bbp_forum_subforum_count":0,"footnotes":""},"categories":[66],"tags":[],"class_list":["post-1003","post","type-post","status-publish","format-standard","","category-vchr-fr"],"_links":{"self":[{"href":"https:\/\/queme.org\/fr\/wp-json\/wp\/v2\/posts\/1003","targetHints":{"allow":["GET"]}}],"collection":[{"href":"https:\/\/queme.org\/fr\/wp-json\/wp\/v2\/posts"}],"about":[{"href":"https:\/\/queme.org\/fr\/wp-json\/wp\/v2\/types\/post"}],"author":[{"embeddable":true,"href":"https:\/\/queme.org\/fr\/wp-json\/wp\/v2\/users\/375"}],"replies":[{"embeddable":true,"href":"https:\/\/queme.org\/fr\/wp-json\/wp\/v2\/comments?post=1003"}],"version-history":[{"count":0,"href":"https:\/\/queme.org\/fr\/wp-json\/wp\/v2\/posts\/1003\/revisions"}],"wp:attachment":[{"href":"https:\/\/queme.org\/fr\/wp-json\/wp\/v2\/media?parent=1003"}],"wp:term":[{"taxonomy":"category","embeddable":true,"href":"https:\/\/queme.org\/fr\/wp-json\/wp\/v2\/categories?post=1003"},{"taxonomy":"post_tag","embeddable":true,"href":"https:\/\/queme.org\/fr\/wp-json\/wp\/v2\/tags?post=1003"}],"curies":[{"name":"wp","href":"https:\/\/api.w.org\/{rel}","templated":true}]}}