{"id":1020,"date":"2008-05-31T12:00:00","date_gmt":"2008-05-31T00:00:00","guid":{"rendered":"http:\/\/queme.org\/en\/le-patriarche-de-lebuv-thich-huyen-quang-est-hospitalis-binh-dinh\/"},"modified":"2016-09-09T13:47:09","modified_gmt":"2016-09-09T13:47:09","slug":"le-patriarche-de-lebuv-thich-huyen-quang-est-hospitalis-binh-dinh","status":"publish","type":"post","link":"https:\/\/queme.org\/fr\/le-patriarche-de-lebuv-thich-huyen-quang-est-hospitalis-binh-dinh\/","title":{"rendered":"Le Patriarche de l\u2019EBUV Thich Huyen Quang est hospitalis\u00e9 \u00e0 Binh Dinh"},"content":{"rendered":"<p>PARIS, 31 mai 2008 (BIIB) \u2013 Le <strong>Bureau International d\u2019Information Bouddhiste<\/strong> a \u00e9t\u00e9 inform\u00e9 que le Patriarche Supr\u00eame de l\u2019Eglise Bouddhique Unifi\u00e9e du Vietnam (EBUV) <strong>Thich Huyen Quang<\/strong> \u00e9tait gravement malade. Il a \u00e9t\u00e9 admis \u00e0 l\u2019H\u00f4pital G\u00e9n\u00e9ral de Quy Nhon le 27 mai pour des probl\u00e8mes respiratoires et cardiaques. Le Patriarche \u00e2g\u00e9 de 89 ans est, selon les derni\u00e8res informations, tr\u00e8s faible.<\/p>\n<p>Ayant appris, le 28 mai, que le Patriarche \u00e9tait hospitalis\u00e9, le deuxi\u00e8me dignitaire de l\u2019EBUV <strong>Thich Quang Do<\/strong> et une d\u00e9l\u00e9gation de 8 autres hauts dignitaires de l\u2019EBUV ont pris le train de Saigon pour Binh Dinh afin de lui rendre visite. La S\u00e9curit\u00e9 vietnamienne a film\u00e9 le d\u00e9part des bonzes \u00e0 la gare mais n\u2019est pas intervenue. C\u2019est la premi\u00e8re fois que Thich Quang Do peut se rendre aupr\u00e8s du Patriarche Thich Huyen Quang sans \u00eatre intercept\u00e9 par la police. Thich Quang Do est toujours \u00e0 Binh Dinh et vient au chevet de Thich Huyen Quang tous les jours.<\/p>\n<p>Plus de 30 bonzes dirigeants les Comit\u00e9s provinciaux de l\u2019EBUV se sont \u00e9galement rassembl\u00e9s \u00e0 Binh Dinh pour voir le Patriarche. Parmis eux se trouvent notamment Thich Thien Hanh de Hue, Thich Thanh Quang de Quang Nam-Danang, Thich Tam Lien de Binh Dinh ainsi que des repr\u00e9sentants de Nha Trang, Quang Tri, Tien Giang et Saigon.<\/p>\n<p>Apr\u00e8s l\u2019annonce d\u2019hier du Bureau International d\u2019Information Bouddhiste sur l\u2019\u00e9tat de sant\u00e9 de Thich Huyen Quang, les Bouddhistes vietnamiens au Vietnam et dans le monde ont organis\u00e9 des c\u00e9r\u00e9monies de pri\u00e8res pour le r\u00e9tablissement du Patriarche Thich Huyen Quang.<\/p>\n","protected":false},"excerpt":{"rendered":"<p>PARIS, 31 mai 2008 (BIIB) \u2013 Le Bureau International d\u2019Information Bouddhiste a \u00e9t\u00e9 inform\u00e9 que le Patriarche Supr\u00eame de l\u2019Eglise Bouddhique Unifi\u00e9e du Vietnam (EBUV) Thich Huyen Quang \u00e9tait gravement malade. Il a \u00e9t\u00e9 admis \u00e0 l\u2019H\u00f4pital G\u00e9n\u00e9ral de Quy Nhon le 27 mai pour des probl\u00e8mes respiratoires et cardiaques. Le Patriarche \u00e2g\u00e9 de 89 &hellip;<\/p>\n","protected":false},"author":375,"featured_media":0,"comment_status":"closed","ping_status":"closed","sticky":false,"template":"","format":"standard","meta":{"_bbp_topic_count":0,"_bbp_reply_count":0,"_bbp_total_topic_count":0,"_bbp_total_reply_count":0,"_bbp_voice_count":0,"_bbp_anonymous_reply_count":0,"_bbp_topic_count_hidden":0,"_bbp_reply_count_hidden":0,"_bbp_forum_subforum_count":0,"footnotes":""},"categories":[101],"tags":[],"class_list":["post-1020","post","type-post","status-publish","format-standard","","category-ibib-fr"],"_links":{"self":[{"href":"https:\/\/queme.org\/fr\/wp-json\/wp\/v2\/posts\/1020","targetHints":{"allow":["GET"]}}],"collection":[{"href":"https:\/\/queme.org\/fr\/wp-json\/wp\/v2\/posts"}],"about":[{"href":"https:\/\/queme.org\/fr\/wp-json\/wp\/v2\/types\/post"}],"author":[{"embeddable":true,"href":"https:\/\/queme.org\/fr\/wp-json\/wp\/v2\/users\/375"}],"replies":[{"embeddable":true,"href":"https:\/\/queme.org\/fr\/wp-json\/wp\/v2\/comments?post=1020"}],"version-history":[{"count":0,"href":"https:\/\/queme.org\/fr\/wp-json\/wp\/v2\/posts\/1020\/revisions"}],"wp:attachment":[{"href":"https:\/\/queme.org\/fr\/wp-json\/wp\/v2\/media?parent=1020"}],"wp:term":[{"taxonomy":"category","embeddable":true,"href":"https:\/\/queme.org\/fr\/wp-json\/wp\/v2\/categories?post=1020"},{"taxonomy":"post_tag","embeddable":true,"href":"https:\/\/queme.org\/fr\/wp-json\/wp\/v2\/tags?post=1020"}],"curies":[{"name":"wp","href":"https:\/\/api.w.org\/{rel}","templated":true}]}}