{"id":1039,"date":"2008-07-05T12:00:00","date_gmt":"2008-07-05T00:00:00","guid":{"rendered":"http:\/\/queme.org\/en\/le-patriarche-de-lebuv-revient-au-monastre-nguyen-thieu-binh-dinh\/"},"modified":"2016-09-09T13:47:01","modified_gmt":"2016-09-09T13:47:01","slug":"le-patriarche-de-lebuv-revient-au-monastre-nguyen-thieu-binh-dinh","status":"publish","type":"post","link":"https:\/\/queme.org\/fr\/le-patriarche-de-lebuv-revient-au-monastre-nguyen-thieu-binh-dinh\/","title":{"rendered":"Le Patriarche de l\u2019EBUV revient au Monast\u00e8re Nguyen Thieu \u00e0 Binh Dinh"},"content":{"rendered":"<p>PARIS, 5 juillet 2008 (BIIB) \u2013 Le <strong>Bureau International d\u2019Information Bouddhiste<\/strong> vient de recevoir des nouvelles de l\u2019Eglise Bouddhique Unifi\u00e9e du Vietnam (EBUV, Eglise historique, ind\u00e9pendante, interdite depuis 1981) dans la province de Binh Dinh concernant le Patriarche Supr\u00eame Thich Huyen Quang.<\/p>\n<p>Apr\u00e8s son transport \u00e0 l\u2019H\u00f4pital G\u00e9n\u00e9ral Quy Nhon dans la province de Binh Dinh, le 27 mai 2008, le Patriarche a vu sa sant\u00e9 s\u2019am\u00e9liorer. Cependant, apr\u00e8s avoir trait\u00e9 ses probl\u00e8mes cardiaques et intestinaux, les m\u00e9decins ont d\u00e9couvert qu\u2019il souffrait \u00e9galement du foie et ont d\u00fb le placer en soins intensifs. Ils ont d\u00e9clar\u00e9 que la grande faiblesse du Patriarche \u00e9tait due \u00e0 la malnutrition \u2014 r\u00e9sultat de longues ann\u00e9es de d\u00e9tention dans des conditions tr\u00e8s dures.<\/p>\n<p>Apr\u00e8s plus d\u2019un mois de soins intensifs et quelques petits signes d\u2019am\u00e9lioration, le Patriarche Thich Huyen Quang a demand\u00e9 \u00e0 retourner au Monast\u00e8re Nguyen Thieu afin d\u2019y jouir du calme et de la s\u00e9r\u00e9nit\u00e9, et d\u2019y \u00e9couter les sutras bouddhiques. C\u2019est \u00e9galement le souhait de ses disciples et des autres dignitaires de l\u2019EBUV qui sont aupr\u00e8s du Patriarche \u00e0 Binh Dinh depuis son hospitalisation.<\/p>\n<p>Au matin du 4 juillet, les V\u00e9n\u00e9rables Thich Minh Tuan du Monast\u00e8re Nguyen Thieu, et Thich Dong Tho, les assistants personnels du Patriarche, ont rencontr\u00e9 les directeurs de l\u2019H\u00f4pital Quy Nhon afin d\u2019en discuter. L\u2019h\u00f4pital y a consenti et le Patriarche a quitt\u00e9 l\u2019H\u00f4pital Quy Nhon dans une ambulance \u00e0 14 heures (heure locale), accompagn\u00e9 de ses disciples, du Directeur-adjoint de l\u2019h\u00f4pital et d\u2019un m\u00e9decin.<\/p>\n<p>Le Patriarche Thich Huyen Quang est arriv\u00e9 au Monast\u00e8re Nguyen Thieu \u00e0 15 heures 30. Il a \u00e9t\u00e9 accueilli par le deuxi\u00e8me dignitaire de l\u2019EBUV Thich Quang Do ainsi que par Thich Thien Hanh de Hue (Secr\u00e9taire g\u00e9n\u00e9ral de l\u2019Institut du Sangha ou <em>Vien Tang Thong<\/em>), Thich Vien Dinh (Directeur-adjoint et Secr\u00e9taire g\u00e9n\u00e9ral de l\u2019Institut Ex\u00e9cutif de l\u2019EBUV ou <em>Vien Hoa Dao<\/em>) et plusieurs autres hauts dignitaires de l\u2019EBUV venus de Saigon, Hue, Lam Dong, Tien Giang, Binh Dinh, etc..<\/p>\n<p>L\u2019EBUV organise une s\u00e9ance de pri\u00e8re pour la sant\u00e9 du Patriarche au Monast\u00e8re Nguyen Thieu ce matin (5 juillet) \u00e0 8 heures du matin.<\/p>\n<table width=\"451\" border=\"0\" align=\"center\">\n<tr>\n<td><img decoding=\"async\" src=\"http:\/\/www.queme.net\/images\/2008-0704a.jpg\" width=\"450\" border=\"0\" align=\"top\" alt=\"Le Patriarche Thich Huyen Quang revient au Monast\u00e8re Nguyen Thieu, accueilli par : de gauche \u00e0 droite : Thich Quang Do, Thich Thien Hanh, Thich Vien Dinh et d\u2019autres bonzes de l\u2019EBUV\"><\/a><\/td>\n<\/tr>\n<tr>\n<td>\n<div align=\"center\"><span class=\"dateleft\"><font color=\"#663300\">Le Patriarche Thich Huyen Quang revient au Monast\u00e8re Nguyen Thieu, accueilli par : <em>de gauche \u00e0 droite :<\/em> Thich Quang Do, Thich Thien Hanh, Thich Vien Dinh et d\u2019autres bonzes de l\u2019EBUV<\/font><\/span><\/div>\n<\/td>\n<\/tr>\n<\/table>\n","protected":false},"excerpt":{"rendered":"<p>PARIS, 5 juillet 2008 (BIIB) \u2013 Le Bureau International d\u2019Information Bouddhiste vient de recevoir des nouvelles de l\u2019Eglise Bouddhique Unifi\u00e9e du Vietnam (EBUV, Eglise historique, ind\u00e9pendante, interdite depuis 1981) dans la province de Binh Dinh concernant le Patriarche Supr\u00eame Thich Huyen Quang. Apr\u00e8s son transport \u00e0 l\u2019H\u00f4pital G\u00e9n\u00e9ral Quy Nhon dans la province de Binh &hellip;<\/p>\n","protected":false},"author":375,"featured_media":0,"comment_status":"closed","ping_status":"closed","sticky":false,"template":"","format":"standard","meta":{"_bbp_topic_count":0,"_bbp_reply_count":0,"_bbp_total_topic_count":0,"_bbp_total_reply_count":0,"_bbp_voice_count":0,"_bbp_anonymous_reply_count":0,"_bbp_topic_count_hidden":0,"_bbp_reply_count_hidden":0,"_bbp_forum_subforum_count":0,"footnotes":""},"categories":[101],"tags":[],"class_list":["post-1039","post","type-post","status-publish","format-standard","","category-ibib-fr"],"_links":{"self":[{"href":"https:\/\/queme.org\/fr\/wp-json\/wp\/v2\/posts\/1039","targetHints":{"allow":["GET"]}}],"collection":[{"href":"https:\/\/queme.org\/fr\/wp-json\/wp\/v2\/posts"}],"about":[{"href":"https:\/\/queme.org\/fr\/wp-json\/wp\/v2\/types\/post"}],"author":[{"embeddable":true,"href":"https:\/\/queme.org\/fr\/wp-json\/wp\/v2\/users\/375"}],"replies":[{"embeddable":true,"href":"https:\/\/queme.org\/fr\/wp-json\/wp\/v2\/comments?post=1039"}],"version-history":[{"count":0,"href":"https:\/\/queme.org\/fr\/wp-json\/wp\/v2\/posts\/1039\/revisions"}],"wp:attachment":[{"href":"https:\/\/queme.org\/fr\/wp-json\/wp\/v2\/media?parent=1039"}],"wp:term":[{"taxonomy":"category","embeddable":true,"href":"https:\/\/queme.org\/fr\/wp-json\/wp\/v2\/categories?post=1039"},{"taxonomy":"post_tag","embeddable":true,"href":"https:\/\/queme.org\/fr\/wp-json\/wp\/v2\/tags?post=1039"}],"curies":[{"name":"wp","href":"https:\/\/api.w.org\/{rel}","templated":true}]}}