{"id":1128,"date":"2008-10-22T12:00:00","date_gmt":"2008-10-22T00:00:00","guid":{"rendered":"http:\/\/queme.org\/en\/le-parlement-europeen-demande-de-veritables-mecanismes-de-protection-des-droits-de-lhomme-et-de-la-democratie-dans-le-nouvel-accord-de-cooperation-ue-vietnam\/"},"modified":"2016-09-09T13:46:30","modified_gmt":"2016-09-09T13:46:30","slug":"le-parlement-europeen-demande-de-veritables-mecanismes-de-protection-des-droits-de-lhomme-et-de-la-democratie-dans-le-nouvel-accord-de-cooperation-ue-vietnam","status":"publish","type":"post","link":"https:\/\/queme.org\/fr\/le-parlement-europeen-demande-de-veritables-mecanismes-de-protection-des-droits-de-lhomme-et-de-la-democratie-dans-le-nouvel-accord-de-cooperation-ue-vietnam\/","title":{"rendered":"Le Parlement Europ\u00e9en demande de v\u00e9ritables m\u00e9canismes de protection des droits de l\u2019Homme et de la d\u00e9mocratie dans le nouvel Accord de coop\u00e9ration UE-Vietnam"},"content":{"rendered":"<p>STRASBOURG, 22 octobre 2008 (COMITE VIETNAM POUR LA DEFENSE DES DROITS DE L\u2019HOMME) \u2013 Lors de sa s\u00e9ance pl\u00e9ni\u00e8re aujourd\u2019hui, le Parlement europ\u00e9en a adopt\u00e9 une <strong>\u201cR\u00e9solution sur le nouvel accord de partenariat et de coop\u00e9ration entre l\u2019Union europ\u00e9enne et le Vietnam et les droits de l\u2019Homme\u201d<\/strong>. Vot\u00e9e \u00e0 une \u00e9norme majorit\u00e9 de 479 voix pour contre 21, et 4 abstentions, la r\u00e9solution marque un large consensus touchant l\u2019ensemble des groupes politiques au sein du Parlement Europ\u00e9en.<\/p>\n<p>La R\u00e9solution demande \u00e0 ce que le nouvel Accord de Partenariat et de Coop\u00e9ration soit dot\u00e9 de m\u00e9canismes effectifs afin de garantir les droits de l\u2019Homme et les principes d\u00e9mocratiques. Cet accord est en n\u00e9gociation et doit remplacer l\u2019Accord de Coop\u00e9ration UE-Vietnam de 1995. La R\u00e9solution condamne par ailleurs les assauts massifs et r\u00e9p\u00e9t\u00e9s contre les libert\u00e9s de religion, d\u2019expression et de r\u00e9union au Vietnam, notamment la r\u00e9pression contre l\u2019Eglise Bouddhique Unifi\u00e9e du Vietnam, la d\u00e9tention des journalistes et des cyberdissidents, la r\u00e9pression des protestations non-violentes des Catholiques et les discriminations contre les Montagnards protestants et les Khmers Krom bouddhistes. Elle en appelle donc \u00e0 ce que l\u2019Union Europ\u00e9enne s\u2019assure que le Vietnam mette un terme <em>\u201c\u00e0 la situation actuelle de violation syst\u00e9matique de la d\u00e9mocratie et des droits de l\u2019Homme\u201d<\/em> avant la signature du nouvel accord de partenariat et de coop\u00e9ration.<\/p>\n<p>Cette r\u00e9solution fait suite \u00e0 une Audition de la Sous-Commission des Droits de l\u2019Homme du Parlement Europ\u00e9en sur le Vietnam, le Laos et le Cambodge, au mois d\u2019ao\u00fbt 2008, \u00e0 l\u2019initiative du d\u00e9put\u00e9 europ\u00e9en <strong>Marco Cappato<\/strong> (Italie), Rapporteur du PE sur les droits de l\u2019Homme. M. <strong>Vo Van Ai<\/strong>, Pr\u00e9sident du \u201cComit\u00e9 Vietnam pour la D\u00e9fense des Droits de l\u2019Homme\u201d et de \u201cQu\u00ea Me: Action pour la D\u00e9mocratie au Vietnam\u201d, qui avait t\u00e9moign\u00e9 lors de cette Audition, s\u2019est chaudement f\u00e9licit\u00e9 du vote de cette r\u00e9solution: <em><strong>\u201cCette R\u00e9solution est tr\u00e8s importante non seulement parce qu\u2019elle condamne les violations syst\u00e9matiques des droits de l\u2019Homme au Vietnam, mais \u00e9galement parce qu\u2019elle propose que des m\u00e9canismes concrets soient mis en place pour pr\u00e9venir ces violations. L\u2019Union Europ\u00e9enne est le principal partenaire commercial du Vietnam. Si des m\u00e9canismes garantissant r\u00e9ellement l\u2019application de la clause des droits de l\u2019Homme et de la d\u00e9mocratie sont inclus, le nouvel Accord de Partenariat et de Coop\u00e9ration pourra constituer un levier politique efficace, en particulier en cette p\u00e9riode de crise \u00e9conomique au Vietnam. Cette R\u00e9solution rappelle \u00e9galement avec force au gouvernement vietnamien qu\u2019il ne peut pas continuer \u00e0 r\u00e9primer ses citoyens en toute impunit\u00e9 s\u2019il veut jouer un plus grand r\u00f4le sur la sc\u00e8ne internationale\u201d.<\/strong><\/em><\/p>\n<p><\/em>Texte de la r\u00e9solution est disponible<\/em> <a href=\"http:\/\/www.queme.net\/fra\/docs_detail.php?numb=1126\" style=\"text-decoration:none;\"><strong>ICI<\/strong><\/a><\/p>\n","protected":false},"excerpt":{"rendered":"<p>STRASBOURG, 22 octobre 2008 (COMITE VIETNAM POUR LA DEFENSE DES DROITS DE L\u2019HOMME) \u2013 Lors de sa s\u00e9ance pl\u00e9ni\u00e8re aujourd\u2019hui, le Parlement europ\u00e9en a adopt\u00e9 une \u201cR\u00e9solution sur le nouvel accord de partenariat et de coop\u00e9ration entre l\u2019Union europ\u00e9enne et le Vietnam et les droits de l\u2019Homme\u201d. Vot\u00e9e \u00e0 une \u00e9norme majorit\u00e9 de 479 voix &hellip;<\/p>\n","protected":false},"author":375,"featured_media":0,"comment_status":"closed","ping_status":"closed","sticky":false,"template":"","format":"standard","meta":{"_bbp_topic_count":0,"_bbp_reply_count":0,"_bbp_total_topic_count":0,"_bbp_total_reply_count":0,"_bbp_voice_count":0,"_bbp_anonymous_reply_count":0,"_bbp_topic_count_hidden":0,"_bbp_reply_count_hidden":0,"_bbp_forum_subforum_count":0,"footnotes":""},"categories":[66],"tags":[],"class_list":["post-1128","post","type-post","status-publish","format-standard","","category-vchr-fr"],"_links":{"self":[{"href":"https:\/\/queme.org\/fr\/wp-json\/wp\/v2\/posts\/1128","targetHints":{"allow":["GET"]}}],"collection":[{"href":"https:\/\/queme.org\/fr\/wp-json\/wp\/v2\/posts"}],"about":[{"href":"https:\/\/queme.org\/fr\/wp-json\/wp\/v2\/types\/post"}],"author":[{"embeddable":true,"href":"https:\/\/queme.org\/fr\/wp-json\/wp\/v2\/users\/375"}],"replies":[{"embeddable":true,"href":"https:\/\/queme.org\/fr\/wp-json\/wp\/v2\/comments?post=1128"}],"version-history":[{"count":0,"href":"https:\/\/queme.org\/fr\/wp-json\/wp\/v2\/posts\/1128\/revisions"}],"wp:attachment":[{"href":"https:\/\/queme.org\/fr\/wp-json\/wp\/v2\/media?parent=1128"}],"wp:term":[{"taxonomy":"category","embeddable":true,"href":"https:\/\/queme.org\/fr\/wp-json\/wp\/v2\/categories?post=1128"},{"taxonomy":"post_tag","embeddable":true,"href":"https:\/\/queme.org\/fr\/wp-json\/wp\/v2\/tags?post=1128"}],"curies":[{"name":"wp","href":"https:\/\/api.w.org\/{rel}","templated":true}]}}