{"id":1158,"date":"2008-08-17T12:00:00","date_gmt":"2008-08-17T00:00:00","guid":{"rendered":"http:\/\/queme.org\/all\/all\/vietnam-thich-quang-do-nouveau-numero-un-de-leglise-bouddhiste-interdite\/"},"modified":"2021-04-10T13:11:12","modified_gmt":"2021-04-10T13:11:12","slug":"vietnam-thich-quang-do-nouveau-numero-un-de-leglise-bouddhiste-interdite","status":"publish","type":"post","link":"https:\/\/queme.org\/fr\/vietnam-thich-quang-do-nouveau-numero-un-de-leglise-bouddhiste-interdite\/","title":{"rendered":"<em>AFP<\/em> : Vietnam: Thich Quang Do, nouveau num\u00e9ro un de l\u2019\u00e9glise bouddhiste interdite"},"content":{"rendered":"\n<figure class=\"wp-block-image\"><a href=\"http:\/\/www.afp.com\" target=\"_blank\" rel=\"noreferrer noopener\"><img decoding=\"async\" width=\"82\" height=\"45\" src=\"https:\/\/queme.org\/app\/uploads\/2005\/02\/afp.gif\" alt=\"Agence France Presse (AFP)\" class=\"wp-image-36048\"\/><\/a><\/figure>\n\n\n\n<p>HANOI, 17 ao\u00fbt 2008 (AFP) &#8211; Thich Quang Do, figure de la dissidence vietnamienne plusieurs fois propos\u00e9 pour le Prix Nobel de la Paix, est devenu dimanche le nouveau num\u00e9ro un de l\u2019Eglise bouddhiste unifi\u00e9e du Vietnam (EBUV), interdite, succ\u00e9dant \u00e0 Thich Huyen Quang d\u00e9c\u00e9d\u00e9 en juillet.<\/p>\n\n\n\n<p>La nomination de l\u2019actuel num\u00e9ro deux de l\u2019EBUV, 79 ans, \u00e0 la t\u00eate de l\u2019organisation intervient \u00e0 la fin des traditionnels 49 jours de deuil qui ont suivi le d\u00e9c\u00e8s de Thich Huyen Quang.<\/p>\n\n\n\n<p>Initialement, l\u2019EBUV comptait organiser la c\u00e9r\u00e9monie dans la province centrale de Binh Dinh, o\u00f9 ce dernier est enterr\u00e9.<\/p>\n\n\n\n<p><em>\u201cMais des pressions et des restrictions de d\u00e9placement impos\u00e9es \u00e0 la direction de l\u2019EBUV ont rendu (l\u2019entreprise) impossible\u201d<\/em>, a d\u00e9nonc\u00e9 dans un communiqu\u00e9 le Bureau international d\u2019information bouddhiste (IBIB), qui assure depuis Paris la communication de l\u2019EBUV.<\/p>\n\n\n\n<p>Selon l\u2019IBIB, un harc\u00e8lement policier a \u00e9galement emp\u00each\u00e9 la tenue de la c\u00e9r\u00e9monie \u00e0 Ho Chi Minh-Ville, l\u2019ex-Sa\u00efgon au sud o\u00f9 vit Thich Quang Do.<\/p>\n\n\n\n<p>Sa nomination \u00e0 la t\u00eate de l\u2019EBUV, b\u00eate noire du r\u00e9gime communiste de Hano\u00ef, a finalement \u00e9t\u00e9 annonc\u00e9e depuis les Etats-Unis, o\u00f9 \u00e9taient r\u00e9unis des membres de l\u2019organisation vivant \u00e0 l\u2019\u00e9tranger.<\/p>\n\n\n\n<p>L\u2019EBUV est interdite depuis le d\u00e9but des ann\u00e9es 80, quand elle a refus\u00e9 de rejoindre l\u2019Eglise bouddhiste du Vietnam (EBV), seule autoris\u00e9e par le r\u00e9gime.<\/p>\n\n\n\n<p>Longtemps emprisonn\u00e9 ou, selon ses propres termes, <em>\u201cforc\u00e9 \u00e0 l\u2019exil interne\u201d<\/em> dans le pays, Thich Quang Do milite lui aujourd\u2019hui pour les droits de l\u2019Homme et la libert\u00e9 religieuse depuis sa pagode \u00e0 Ho Chi Minh-Ville.<\/p>\n\n\n\n<p>Dans un message cit\u00e9 par l\u2019IBIB, le bonze promet de <em>\u201cfaire tout (son) possible pour r\u00e9tablir le statut l\u00e9gal de l\u2019EBUV et maintenir sa tradition d\u2019ind\u00e9pendance\u201d<\/em>. Il promet aussi de <em>\u201cpromouvoir les droits de l\u2019Homme des vivants, les droits sacr\u00e9s des morts et la d\u00e9mocratie pour la soci\u00e9t\u00e9\u201d<\/em>.<\/p>\n\n\n\n<p>Vo Van Ai, pr\u00e9sident de l\u2019IBIB, appelle de son c\u00f4t\u00e9 Hano\u00ef \u00e0 <em>\u201ccesser de traiter l\u2019EBUV comme son ennemi\u201d<\/em> et \u00e0 <em>\u201csaisir l\u2019opportunit\u00e9 de (cette nomination) pour reconna\u00eetre le leadership de Thich Quang Do et r\u00e9tablir le statut l\u00e9gitime\u201d<\/em> de l\u2019organisation.<\/p>\n\n\n\n<p>N\u00e9 en novembre 1928 dans la province de Thai Binh au nord, Thich Quang Do, de son nom la\u00efc Dang Phuc Tue, se bat depuis plus de 30 ans contre le r\u00e9gime communiste du Vietnam r\u00e9unifi\u00e9.<\/p>\n\n\n\n<p>Mais il \u00e9voque des affrontements avec les forces de l\u2019ordre d\u00e8s les ann\u00e9es 60, dans un pays encore divis\u00e9. Dans le Sud-Vietnam soutenu par les Am\u00e9ricains, qu\u2019il a rejoint apr\u00e8s la prise de pouvoir des communistes au nord au d\u00e9part des Fran\u00e7ais en 1954, le bonze d\u00e9non\u00e7ait aussi la discrimination des bouddhistes par le gouvernement de Ngo Dinh Diem.<\/p>\n\n\n\n<p>Aujourd\u2019hui, Hano\u00ef affirme que Thich Quang Do n\u2019est plus en r\u00e9sidence surveill\u00e9e. Mais l\u2019IBIB r\u00e9torque qu\u2019il n\u2019est que tr\u00e8s rarement autoris\u00e9 \u00e0 sortir de sa pagode, et g\u00e9n\u00e9ralement uniquement pour suivre des examens m\u00e9dicaux.<\/p>\n\n\n\n<p>Le mois dernier, il avait tout de m\u00eame pu se rendre \u00e0 Binh Dinh pour les fun\u00e9railles de Thich Huyen Quang, que les autorit\u00e9s vietnamiennes avaient m\u00eame finalement laiss\u00e9 les membres de l\u2019EBUV organiser.<\/p>\n\n\n\n<p>aud\/fp<\/p>\n\n\n\n<p><br><strong>Articles li\u00e9s\u00a0:<\/strong><br>&#8211;\u00a0<a rel=\"noreferrer noopener\" aria-label=\"Thich Quang Do is appointed new leader of the Unified Buddhist Church of Vietnam (BIIB, 17 Ao\u00fbt 2008) (en anglais) (opens in a new tab)\" href=\"https:\/\/queme.org\/en\/thich-quang-do-is-appointed-new-leader-of-the-unified-buddhist-church-of-vietnam\/\" target=\"_blank\">Thich Quang Do is appointed new leader of the Unified Buddhist Church of Vietnam <\/a><em><a rel=\"noreferrer noopener\" aria-label=\"Thich Quang Do is appointed new leader of the Unified Buddhist Church of Vietnam (BIIB, 17 Ao\u00fbt 2008) (en anglais) (opens in a new tab)\" href=\"https:\/\/queme.org\/en\/thich-quang-do-is-appointed-new-leader-of-the-unified-buddhist-church-of-vietnam\/\" target=\"_blank\">(BIIB, 17 Ao\u00fbt 2008) (en anglais)<\/a><\/em><\/p>\n","protected":false},"excerpt":{"rendered":"<p>HANOI, 17 ao\u00fbt 2008 (AFP) &#8211; Thich Quang Do, figure de la dissidence vietnamienne plusieurs fois propos\u00e9 pour le Prix Nobel de la Paix, est devenu dimanche le nouveau num\u00e9ro un de l\u2019Eglise bouddhiste unifi\u00e9e du Vietnam (EBUV), interdite, succ\u00e9dant \u00e0 Thich Huyen Quang d\u00e9c\u00e9d\u00e9 en juillet. La nomination de l\u2019actuel num\u00e9ro deux de l\u2019EBUV, &hellip;<\/p>\n","protected":false},"author":375,"featured_media":43178,"comment_status":"closed","ping_status":"closed","sticky":false,"template":"","format":"standard","meta":{"_bbp_topic_count":0,"_bbp_reply_count":0,"_bbp_total_topic_count":0,"_bbp_total_reply_count":0,"_bbp_voice_count":0,"_bbp_anonymous_reply_count":0,"_bbp_topic_count_hidden":0,"_bbp_reply_count_hidden":0,"_bbp_forum_subforum_count":0,"footnotes":""},"categories":[112,61],"tags":[279],"class_list":["post-1158","post","type-post","status-publish","format-standard","has-post-thumbnail","","category-actualites","category-revue-de-presse","tag-ubcv-fr"],"_links":{"self":[{"href":"https:\/\/queme.org\/fr\/wp-json\/wp\/v2\/posts\/1158","targetHints":{"allow":["GET"]}}],"collection":[{"href":"https:\/\/queme.org\/fr\/wp-json\/wp\/v2\/posts"}],"about":[{"href":"https:\/\/queme.org\/fr\/wp-json\/wp\/v2\/types\/post"}],"author":[{"embeddable":true,"href":"https:\/\/queme.org\/fr\/wp-json\/wp\/v2\/users\/375"}],"replies":[{"embeddable":true,"href":"https:\/\/queme.org\/fr\/wp-json\/wp\/v2\/comments?post=1158"}],"version-history":[{"count":0,"href":"https:\/\/queme.org\/fr\/wp-json\/wp\/v2\/posts\/1158\/revisions"}],"wp:featuredmedia":[{"embeddable":true,"href":"https:\/\/queme.org\/fr\/wp-json\/wp\/v2\/media\/43178"}],"wp:attachment":[{"href":"https:\/\/queme.org\/fr\/wp-json\/wp\/v2\/media?parent=1158"}],"wp:term":[{"taxonomy":"category","embeddable":true,"href":"https:\/\/queme.org\/fr\/wp-json\/wp\/v2\/categories?post=1158"},{"taxonomy":"post_tag","embeddable":true,"href":"https:\/\/queme.org\/fr\/wp-json\/wp\/v2\/tags?post=1158"}],"curies":[{"name":"wp","href":"https:\/\/api.w.org\/{rel}","templated":true}]}}