{"id":1214,"date":"2009-05-16T12:00:00","date_gmt":"2009-05-16T00:00:00","guid":{"rendered":"http:\/\/queme.org\/all\/all\/la-commission-americaine-sur-la-liberte-religieuse-internationale-rend-visite-au-chef-de-lebuv-thich-quang-do-a-saigon\/"},"modified":"2016-09-09T13:45:52","modified_gmt":"2016-09-09T13:45:52","slug":"la-commission-americaine-sur-la-liberte-religieuse-internationale-rend-visite-au-chef-de-lebuv-thich-quang-do-a-saigon","status":"publish","type":"post","link":"https:\/\/queme.org\/fr\/la-commission-americaine-sur-la-liberte-religieuse-internationale-rend-visite-au-chef-de-lebuv-thich-quang-do-a-saigon\/","title":{"rendered":"La Commission am\u00e9ricaine sur la Libert\u00e9 Religieuse Internationale rend visite au chef de l\u2019EBUV Thich Quang Do \u00e0 Saigon"},"content":{"rendered":"<p>PARIS, 16 mai 2009 (BIIB) &#8211; Une d\u00e9l\u00e9gation de la Commission am\u00e9ricaine sur la Libert\u00e9 Religieuse Internationale (USCIRF) s\u2019est rendue aupr\u00e8s du Patriarche de l\u2019Eglise Bouddhique Unifi\u00e9e du Vietnam (EBUV) Thich Quang Do, au Monast\u00e8re Zen Thanh Minh \u00e0 Saigon, ce samedi 16 mai 2009. La d\u00e9l\u00e9gation comprenait le Vice-Pr\u00e9sident de l\u2019USCIRF <strong>Michael Cromartie<\/strong>, <strong>David Dettoni<\/strong>, Directeur des Op\u00e9rations et des Actions de proximit\u00e9, le <strong>Dr Scott Flipse<\/strong>, analyste politique senior, et <strong>Jane Bocklage<\/strong>, Deuxi\u00e8me Secr\u00e9taire de l\u2019ambassade am\u00e9ricaine \u00e0 Hanoi. L\u2019USCIRF, organisme ind\u00e9pendant qui conseille le Congr\u00e8s et l\u2019Administration am\u00e9ricaines, est actuellement au Vietnam pour \u00e9tudier la situation de la libert\u00e9 religieuse. Dans son rapport annuel, paru ce mois-ci, l\u2019USCIRF a recommand\u00e9 que le Vietnam soit remis sur la liste noire des pires violateurs de la libert\u00e9 religieuse ou listes des \u00ab\u00a0Pays Particuli\u00e8rement Pr\u00e9occupants\u00a0\u00bb (Countries of Particular Concern, CPC) du fait <em>\u00ab\u00a0des violations graves et syst\u00e9matiques de la libert\u00e9 de religion et des autres droits de l\u2019Homme\u00a0\u00bb<\/em>.<\/p>\n<p>Le chef de l\u2019EBUV Thich Quang Do, qui s\u2019est entretenu au t\u00e9l\u00e9phone avec Vo Van Ai, porte-parole international de l\u2019EBUV, a rapport\u00e9 que la visite a dur\u00e9 de 10h30 du matin \u00e0 midi et avait \u00e9t\u00e9 tr\u00e8s positive. Un grand nombre de policiers sont rest\u00e9s \u00e0 l\u2019ext\u00e9rieur du monast\u00e8re pendant toute la r\u00e9union, mais ne sont pas intervenus.<\/p>\n<p>La d\u00e9l\u00e9gation s\u2019est enquis de la situation actuelle de l\u2019EBUV, qui est la cible de la r\u00e9pression gouvernementale depuis que les autorit\u00e9s communistes l\u2019ont mise hors-la-loi, en 1981, et remplac\u00e9e par une Eglise d\u2019Etat, le Sangha Bouddhiste du Vietnam. Thich Quang Do a expliqu\u00e9 \u00e0 la d\u00e9l\u00e9gation de l\u2019USCIRF qu\u2019il n\u2019y avait aucune am\u00e9lioration du sort fait \u00e0 l\u2019EBUV. En fait, la r\u00e9pression est devenue beaucoup plus sophistiqu\u00e9e. Ce mois-ci, lors du Festival du Vesak (anniversaire du Bouddha), la S\u00e9curit\u00e9 vietnamienne s\u2019est rendue syst\u00e9matiquement dans toutes les maisons, en particulier \u00e0 Hue, Danang et dans les r\u00e9gions o\u00f9 l\u2019EBUV jouit d\u2019un important soutien, pour menacer et intimider les Bouddhistes. Les policiers les ont averti qu\u2019ils perdraient leurs emplois et que leurs enfants seraient exclus de leurs \u00e9coles s\u2019ils continuaient \u00e0 fr\u00e9quenter les pagodes \u00ab\u00a0r\u00e9actionnaires\u00a0\u00bb de l\u2019EBUV. <em>\u00ab\u00a0Les Bouddhistes de l\u2019EBUV vivent dans un constant climat de peur\u00a0\u00bb<\/em>, a dit Thich Quang Do. En cr\u00e9ant une organisation bouddhiste d\u2019Etat, le but \u00e0 long terme du Vietnam est de faire des bonzes bouddhistes des cadres du Parti Communiste. <em>\u00ab\u00a0Nous n\u2019avons aucun espoir de changement sous le r\u00e9gime communiste. Seul un changement politique radical pourra nous amener la libert\u00e9 religieuse et les droits de l\u2019Homme au Vietnam\u00a0\u00bb.<\/em><\/p>\n<p>Thich Quang Do a demand\u00e9 en particulier \u00e0 l\u2019USCIRF de transmettre les remerciements de l\u2019EBUV pour la d\u00e9claration am\u00e9ricaine prononc\u00e9e lors de l\u2019Examen P\u00e9riodique Universel du Vietnam par le Conseil des Droits de l\u2019Homme de l\u2019ONU, \u00e0 Gen\u00e8ve, la semaine derni\u00e8re. <em>\u00ab\u00a0Les Etats-Unis \u00e9taient le seul pays a appeler sp\u00e9cifiquement le Vietnam \u00e0 reconna\u00eetre l\u2019Eglise Bouddhique du Vietnam lors de l\u2019EPU. C\u2019\u00e9tait une proposition bienvenue et tr\u00e8s opportune\u00a0\u00bb.<\/em><\/p>\n<p>L\u2019USCIRF a interrog\u00e9 Thich Quang Do sur le r\u00e9cent appel de l\u2019EBUV pour un mois de d\u00e9sob\u00e9issance civile et de manifestation \u00e0 domicile en mai, en protestation contre les plans du gouvernement d\u2019extraire la bauxite sur les Hauts-Plateaux du Centre du Vietnam. Elle a en particulier demand\u00e9 le lien qui existait entre cet appel et la libert\u00e9 religieuse. <em>\u00ab\u00a0Les Hauts-Plateaux du Centre sont le toit de nos trois pays, le Laos, le Cambodge et le Vietnam. Quiconque contr\u00f4le ce toit contr\u00f4le nos pays\u00a0\u00bb<\/em>, a r\u00e9pondu Thich Quang Do, faisant remarquer ques des dizaines de milliers de conseillers et d\u2019ouvriers chinois avaient \u00e9t\u00e9 amen\u00e9s dans la r\u00e9gion. Il a rappel\u00e9 \u00e0 la d\u00e9l\u00e9gation am\u00e9ricaine que le retrait de l\u2019arm\u00e9e sud-vietnamienne des Hauts-Plateaux, en 1975, avait permis aux troupes nord-vietnamiennes d\u2019envahir rapidement le pays. <em>\u00ab\u00a0Si nous permettons aux Chinois de s\u2019installer dans cette r\u00e9gion strat\u00e9gique, nous risquons de devenir une nation d\u2019esclaves. Si nous perdons notre pays, nous perdons notre libert\u00e9. Sans libert\u00e9, les religions ne peuvent survivre. C\u2019est pourquoi l\u2019EBUV doit s\u2019y opposer\u00a0\u00bb.<\/em><\/p>\n","protected":false},"excerpt":{"rendered":"<p>PARIS, 16 mai 2009 (BIIB) &#8211; Une d\u00e9l\u00e9gation de la Commission am\u00e9ricaine sur la Libert\u00e9 Religieuse Internationale (USCIRF) s\u2019est rendue aupr\u00e8s du Patriarche de l\u2019Eglise Bouddhique Unifi\u00e9e du Vietnam (EBUV) Thich Quang Do, au Monast\u00e8re Zen Thanh Minh \u00e0 Saigon, ce samedi 16 mai 2009. La d\u00e9l\u00e9gation comprenait le Vice-Pr\u00e9sident de l\u2019USCIRF Michael Cromartie, David &hellip;<\/p>\n","protected":false},"author":375,"featured_media":0,"comment_status":"closed","ping_status":"closed","sticky":false,"template":"","format":"standard","meta":{"_bbp_topic_count":0,"_bbp_reply_count":0,"_bbp_total_topic_count":0,"_bbp_total_reply_count":0,"_bbp_voice_count":0,"_bbp_anonymous_reply_count":0,"_bbp_topic_count_hidden":0,"_bbp_reply_count_hidden":0,"_bbp_forum_subforum_count":0,"footnotes":""},"categories":[101],"tags":[],"class_list":["post-1214","post","type-post","status-publish","format-standard","","category-ibib-fr"],"_links":{"self":[{"href":"https:\/\/queme.org\/fr\/wp-json\/wp\/v2\/posts\/1214","targetHints":{"allow":["GET"]}}],"collection":[{"href":"https:\/\/queme.org\/fr\/wp-json\/wp\/v2\/posts"}],"about":[{"href":"https:\/\/queme.org\/fr\/wp-json\/wp\/v2\/types\/post"}],"author":[{"embeddable":true,"href":"https:\/\/queme.org\/fr\/wp-json\/wp\/v2\/users\/375"}],"replies":[{"embeddable":true,"href":"https:\/\/queme.org\/fr\/wp-json\/wp\/v2\/comments?post=1214"}],"version-history":[{"count":0,"href":"https:\/\/queme.org\/fr\/wp-json\/wp\/v2\/posts\/1214\/revisions"}],"wp:attachment":[{"href":"https:\/\/queme.org\/fr\/wp-json\/wp\/v2\/media?parent=1214"}],"wp:term":[{"taxonomy":"category","embeddable":true,"href":"https:\/\/queme.org\/fr\/wp-json\/wp\/v2\/categories?post=1214"},{"taxonomy":"post_tag","embeddable":true,"href":"https:\/\/queme.org\/fr\/wp-json\/wp\/v2\/tags?post=1214"}],"curies":[{"name":"wp","href":"https:\/\/api.w.org\/{rel}","templated":true}]}}