{"id":1369,"date":"2010-09-13T12:00:00","date_gmt":"2010-09-13T00:00:00","guid":{"rendered":"http:\/\/queme.org\/all\/all\/bangkok-annule-une-conference-de-presse-dopposants-au-regime-de-hanoi\/"},"modified":"2016-09-09T13:44:49","modified_gmt":"2016-09-09T13:44:49","slug":"bangkok-annule-une-conference-de-presse-dopposants-au-regime-de-hanoi","status":"publish","type":"post","link":"https:\/\/queme.org\/fr\/bangkok-annule-une-conference-de-presse-dopposants-au-regime-de-hanoi\/","title":{"rendered":"<i>RFI<\/i> : Bangkok annule une conf\u00e9rence de presse d&rsquo;opposants au r\u00e9gime de Hano\u00ef"},"content":{"rendered":"<p>&nbsp;<\/p>\n<p><a href=\"http:\/\/www.rfi.fr\/asie-pacifique\/20100912-bangkok-annule-une-conference-presse-opposants-regime-hanoi\" target=\"_blank\"><img decoding=\"async\" src=\"..\/images\/logo_rfi.gif\" width=\"137\" height=\"73\" border=\"0\" alt=\"RFI - Radio France Internationale - http:\/\/www.rfi.fr\"><\/a><\/p>\n<p>&nbsp;<\/p>\n<p><strong>Le Vietnam a fait pression sur la Tha\u00eflande pour qu&rsquo;elle annule une conf\u00e9rence de presse de militants des droits de l&rsquo;homme vietnamiens, conf\u00e9rence de presse qui \u00e9tait pr\u00e9vue lundi matin 13 septembre. Hano\u00ef a demand\u00e9 \u00e0 Bangkok de bloquer l&rsquo;acc\u00e8s de son territoire \u00e0 ces militants qui accusent r\u00e9guli\u00e8rement le r\u00e9gime communiste vietnamien de museler ses adversaires. Bangkok a obtemp\u00e9r\u00e9 \u00e0 l&rsquo;injonction.<\/strong><\/p>\n<p>Les droits de l\u2019homme ont du plomb dans l\u2019aile au sein de l\u2019Association des nations d\u2019Asie du Sud-Est (Asean). Il est ironique qu\u2019un an apr\u00e8s la cr\u00e9ation de la Commission de l\u2019Asean sur les droits de l\u2019homme, les violations des droits fondamentaux des personnes dans la r\u00e9gion sont plus flagrantes que jamais.<\/p>\n<p>Dernier incident en date, le refus par Bangkok de laisser entrer sur son territoire des militants qui devaient pr\u00e9senter lundi \u00e0 Bangkok un rapport sur les violations des droits de l\u2019homme au Vietnam pendant la pr\u00e9sidence hano\u00efenne de l\u2019Asean.<\/p>\n<p>Le rapport insiste sur ce qu\u2019il qualifie de violations flagrantes des droits \u00e9conomiques et sociaux au Vietnam et sur le manque d\u2019ind\u00e9pendance de la justice. Il d\u00e9nonce aussi le harc\u00e8lement par le gouvernement de l\u2019Eglise bouddhiste clandestine et des catholiques.<\/p>\n<p>Sur demande de Hano\u00ef, Bangkok a accept\u00e9 de bloquer l\u2019acc\u00e8s au territoire aux deux militants des droits de l\u2019homme, Vo Van Ai et P\u00e9n\u00e9lope Faulkner, qui devaient lancer \u00e0 Bangkok le rapport lors d\u2019une conf\u00e9rence de presse.<\/p>\n<p>Il est courant que Bangkok plie devant les exigences du gouvernement chinois, en refusant par exemple l\u2019entr\u00e9e dans le pays au Dala\u00ef Lama, mais c\u2019est la premi\u00e8re fois que Bangkok c\u00e8de aux exigences de Hano\u00ef, ancien ennemi pendant la guerre du Vietnam.<\/p>\n","protected":false},"excerpt":{"rendered":"<p>&nbsp; &nbsp; Le Vietnam a fait pression sur la Tha\u00eflande pour qu&rsquo;elle annule une conf\u00e9rence de presse de militants des droits de l&rsquo;homme vietnamiens, conf\u00e9rence de presse qui \u00e9tait pr\u00e9vue lundi matin 13 septembre. Hano\u00ef a demand\u00e9 \u00e0 Bangkok de bloquer l&rsquo;acc\u00e8s de son territoire \u00e0 ces militants qui accusent r\u00e9guli\u00e8rement le r\u00e9gime communiste vietnamien &hellip;<\/p>\n","protected":false},"author":467,"featured_media":0,"comment_status":"closed","ping_status":"closed","sticky":false,"template":"","format":"standard","meta":{"_bbp_topic_count":0,"_bbp_reply_count":0,"_bbp_total_topic_count":0,"_bbp_total_reply_count":0,"_bbp_voice_count":0,"_bbp_anonymous_reply_count":0,"_bbp_topic_count_hidden":0,"_bbp_reply_count_hidden":0,"_bbp_forum_subforum_count":0,"footnotes":""},"categories":[61],"tags":[],"class_list":["post-1369","post","type-post","status-publish","format-standard","","category-revue-de-presse"],"_links":{"self":[{"href":"https:\/\/queme.org\/fr\/wp-json\/wp\/v2\/posts\/1369","targetHints":{"allow":["GET"]}}],"collection":[{"href":"https:\/\/queme.org\/fr\/wp-json\/wp\/v2\/posts"}],"about":[{"href":"https:\/\/queme.org\/fr\/wp-json\/wp\/v2\/types\/post"}],"author":[{"embeddable":true,"href":"https:\/\/queme.org\/fr\/wp-json\/wp\/v2\/users\/467"}],"replies":[{"embeddable":true,"href":"https:\/\/queme.org\/fr\/wp-json\/wp\/v2\/comments?post=1369"}],"version-history":[{"count":0,"href":"https:\/\/queme.org\/fr\/wp-json\/wp\/v2\/posts\/1369\/revisions"}],"wp:attachment":[{"href":"https:\/\/queme.org\/fr\/wp-json\/wp\/v2\/media?parent=1369"}],"wp:term":[{"taxonomy":"category","embeddable":true,"href":"https:\/\/queme.org\/fr\/wp-json\/wp\/v2\/categories?post=1369"},{"taxonomy":"post_tag","embeddable":true,"href":"https:\/\/queme.org\/fr\/wp-json\/wp\/v2\/tags?post=1369"}],"curies":[{"name":"wp","href":"https:\/\/api.w.org\/{rel}","templated":true}]}}