{"id":1528,"date":"2010-11-14T12:00:00","date_gmt":"2010-11-14T00:00:00","guid":{"rendered":"http:\/\/queme.org\/all\/all\/le-chef-de-leglise-bouddhique-unifiee-du-vietnam-thich-quang-do-salue-la-liberation-de-daw-aung-san-suu-kyi\/"},"modified":"2016-09-09T13:44:34","modified_gmt":"2016-09-09T13:44:34","slug":"le-chef-de-leglise-bouddhique-unifiee-du-vietnam-thich-quang-do-salue-la-liberation-de-daw-aung-san-suu-kyi","status":"publish","type":"post","link":"https:\/\/queme.org\/fr\/le-chef-de-leglise-bouddhique-unifiee-du-vietnam-thich-quang-do-salue-la-liberation-de-daw-aung-san-suu-kyi\/","title":{"rendered":"Le Chef de l\u2019Eglise Bouddhique Unifi\u00e9e du Vietnam Thich Quang Do salue la lib\u00e9ration de Daw Aung San Suu Kyi"},"content":{"rendered":"<p>PARIS, 14 novembre 2010 (BIIB) \u2013 Le <strong>Bureau International d\u2019Information Bouddhiste<\/strong> vient de recevoir le message du Tr\u00e8s V\u00e9n\u00e9rable <strong>Thich Quang Do<\/strong>, Patriarche de l\u2019Eglise Bouddhique Unifi\u00e9e du Vietnam (EBUV, Eglise historique, interdite arbitrairement depuis 1981), \u00e0 <strong>Daw Aung San Suu Kyi<\/strong>, leader du mouvement d\u00e9mocratique en Birmanie, o\u00f9 il salue sa lib\u00e9ration. Mme Aung San Suu Kyi, 65 ans, a \u00e9t\u00e9 lib\u00e9r\u00e9e le samedi 13 novembre 2010 apr\u00e8s avoir pass\u00e9 15 des 21 ann\u00e9es pr\u00e9c\u00e9dentes en d\u00e9tention. Exprimant la joie et l\u2019\u00e9motion de l\u2019Eglise Bouddhique Unifi\u00e9e du Vietnam, Thich Quang Do \u00e9crit\u00a0: <em>\u00ab\u00a0Pour tous les peuples du mondes, en particulier ceux qui souffrent de l\u2019oppression et du d\u00e9ni de libert\u00e9, ce jour est celui de la libert\u00e9, de notre libert\u00e9, et nous le c\u00e9l\u00e9brons joyeusement. Je suis de tout c\u0153ur avec vous en ce jour, car j\u2019ai \u00e9galement pass\u00e9 les trois derni\u00e8res d\u00e9cennies en prison et en exil int\u00e9rieur simplement pour avoir recherch\u00e9 la d\u00e9mocratie pour mon peuple, et je suis toujours assign\u00e9 \u00e0 r\u00e9sidence dans mon monast\u00e8re \u00e0 Saigon\u00a0\u00bb<\/em>. Le Patriarche de l\u2019EBUV a envoy\u00e9 ce message clandestinement depuis le Monast\u00e8re Zen Thanh Minh \u00e0 Saigon, demandant au BIIB de le faire parvenir \u00e0 Mme Aung San Suu Kyi \u00e0 Rangoon.<\/p>\n<p><\/p>\n<div align=\"center\"><span class=\"title\"><font color=\"#003366\">Message<br \/>\nau Prix Nobel de la Paix Daw Aung San Suu Kyi<\/font><\/span><\/div>\n<p>\u00ab\u00a0Je suis profond\u00e9ment touch\u00e9 et empli de joie par la nouvelle de votre lib\u00e9ration. Au nom du Sangha et des la\u00efcs de l\u2019Eglise Bouddhique Unifi\u00e9e du Vietnam, je vous prie d\u2019accepter mes v\u0153ux les plus chaleureux en ce jour heureux \u2014 le jour de votre libert\u00e9. Pour tous les peuples du mondes, en particulier ceux qui souffrent de l\u2019oppression et du d\u00e9ni de libert\u00e9, ce jour est celui de leur libert\u00e9, de notre libert\u00e9, et nous le c\u00e9l\u00e9brons joyeusement. Je suis de tout c\u0153ur avec vous en ce jour, car j\u2019ai \u00e9galement pass\u00e9 les trois derni\u00e8res d\u00e9cennies en prison et en exil int\u00e9rieur simplement pour avoir recherch\u00e9 la d\u00e9mocratie pour mon peuple, et je suis toujours assign\u00e9 \u00e0 r\u00e9sidence dans mon monast\u00e8re \u00e0 Saigon.<\/p>\n<p>\u00ab\u00a0Tout au long de ces ann\u00e9es d\u2019isolement, vous avez men\u00e9 une campagne silencieuse contre la tyrannie, usant de la dignit\u00e9 pour d\u00e9passer la d\u00e9tention, de la s\u00e9r\u00e9nit\u00e9 pour d\u00e9passer la solitude. Vous ne vous \u00eates jamais inclin\u00e9e. Votre image a inspir\u00e9 le monde et envoy\u00e9 un message haut et clair \u2014 que la violence est sans effet sur le d\u00e9sir de libert\u00e9 du peuple. Au Vietnam, nous avons entendu ce message et nous cherchons, contre des forces sup\u00e9rieures, \u00e0 emprunter cette voie non-violente vers les droits de l\u2019Homme, la d\u00e9mocratie et l\u2019Etat de droit.<\/p>\n<p>\u00ab\u00a0La route vers la d\u00e9mocratie en Birmanie reste longue et ardue, mais j\u2019ai foi en votre d\u00e9termination et votre clairevoyance pour jouer un r\u00f4le moteur dans ce processus. Je presse le peuple de Birmanie de vous soutenir dans vos efforts pour apporter la r\u00e9conciliation nationale et la paix dans votre pays, et en appelle au r\u00e9gime birman de respecter son engagement \u00e0 assurer votre s\u00e9curit\u00e9 et \u00e0 garantir vos libert\u00e9s d\u2019expression, de mouvement, d\u2019association et de r\u00e9union. Alors que nous c\u00e9l\u00e9brons votre libert\u00e9 retrouv\u00e9e, nous avons \u00e9galement une pens\u00e9e pour les 2.200 autres prisonniers politiques toujours en d\u00e9tention en Birmanie et appelons \u00e0 leur lib\u00e9ration imm\u00e9diate et inconditionnelle\u00a0\u00bb.<\/p>\n<div align=\"right\">Saigon, le 13 novembre 2010<br \/>\nSramana <strong>THICH QUANG DO<\/strong><br \/>\nPatriarche Supr\u00eame<br \/>\nEglise Bouddhique Unifi\u00e9e du Vietnam<\/div>\n","protected":false},"excerpt":{"rendered":"<p>PARIS, 14 novembre 2010 (BIIB) \u2013 Le Bureau International d\u2019Information Bouddhiste vient de recevoir le message du Tr\u00e8s V\u00e9n\u00e9rable Thich Quang Do, Patriarche de l\u2019Eglise Bouddhique Unifi\u00e9e du Vietnam (EBUV, Eglise historique, interdite arbitrairement depuis 1981), \u00e0 Daw Aung San Suu Kyi, leader du mouvement d\u00e9mocratique en Birmanie, o\u00f9 il salue sa lib\u00e9ration. Mme Aung &hellip;<\/p>\n","protected":false},"author":375,"featured_media":0,"comment_status":"closed","ping_status":"closed","sticky":false,"template":"","format":"standard","meta":{"_bbp_topic_count":0,"_bbp_reply_count":0,"_bbp_total_topic_count":0,"_bbp_total_reply_count":0,"_bbp_voice_count":0,"_bbp_anonymous_reply_count":0,"_bbp_topic_count_hidden":0,"_bbp_reply_count_hidden":0,"_bbp_forum_subforum_count":0,"footnotes":""},"categories":[101],"tags":[],"class_list":["post-1528","post","type-post","status-publish","format-standard","","category-ibib-fr"],"_links":{"self":[{"href":"https:\/\/queme.org\/fr\/wp-json\/wp\/v2\/posts\/1528","targetHints":{"allow":["GET"]}}],"collection":[{"href":"https:\/\/queme.org\/fr\/wp-json\/wp\/v2\/posts"}],"about":[{"href":"https:\/\/queme.org\/fr\/wp-json\/wp\/v2\/types\/post"}],"author":[{"embeddable":true,"href":"https:\/\/queme.org\/fr\/wp-json\/wp\/v2\/users\/375"}],"replies":[{"embeddable":true,"href":"https:\/\/queme.org\/fr\/wp-json\/wp\/v2\/comments?post=1528"}],"version-history":[{"count":0,"href":"https:\/\/queme.org\/fr\/wp-json\/wp\/v2\/posts\/1528\/revisions"}],"wp:attachment":[{"href":"https:\/\/queme.org\/fr\/wp-json\/wp\/v2\/media?parent=1528"}],"wp:term":[{"taxonomy":"category","embeddable":true,"href":"https:\/\/queme.org\/fr\/wp-json\/wp\/v2\/categories?post=1528"},{"taxonomy":"post_tag","embeddable":true,"href":"https:\/\/queme.org\/fr\/wp-json\/wp\/v2\/tags?post=1528"}],"curies":[{"name":"wp","href":"https:\/\/api.w.org\/{rel}","templated":true}]}}