{"id":1829,"date":"2012-04-28T12:00:00","date_gmt":"2012-04-28T00:00:00","guid":{"rendered":"http:\/\/queme.org\/en\/le-vietnam-interdit-les-celebrations-du-vesak-par-lebuv-de-binh-thuan-la-police-encercle-la-pagode-giac-minh-a-danang\/"},"modified":"2016-09-09T13:43:05","modified_gmt":"2016-09-09T13:43:05","slug":"le-vietnam-interdit-les-celebrations-du-vesak-par-lebuv-de-binh-thuan-la-police-encercle-la-pagode-giac-minh-a-danang","status":"publish","type":"post","link":"https:\/\/queme.org\/fr\/le-vietnam-interdit-les-celebrations-du-vesak-par-lebuv-de-binh-thuan-la-police-encercle-la-pagode-giac-minh-a-danang\/","title":{"rendered":"Le Vietnam interdit les celebrations du Vesak par l\u2019EBUV de Binh Thuan &#8211; La Police encercle la Pagode Giac Minh \u00e0 Danang"},"content":{"rendered":"<p>PARIS, 28 avril 2012 (BIIB) \u2013 Le <strong>Bureau International d\u2019Information Bouddhiste<\/strong> vient de recevoir un rapport urgent de l\u2019<strong>Eglise Bouddhique Unifi\u00e9e du Vietnam<\/strong> (EBUV) sur l\u2019intensification des contr\u00f4les et des harc\u00e8lements par la Police \u00e0 l\u2019occasion des c\u00e9l\u00e9brations du Vesak. Le Vesak est l\u2019anniversaire de la Naissance du Bouddha et doit avoir lieu le 5 mai 2012.<\/p>\n<p>L\u2019EBUV rapporte du le 20 avril 2012, le Comit\u00e9 Populaire de la province de <strong>Binh Thuan<\/strong> a invit\u00e9 le V\u00e9n\u00e9rable <strong>Thich Thong Hai<\/strong> pour une \u00ab session de travail \u00bb (interrogatoire). Le V\u00e9n\u00e9rable Thich Thong Hai, qui est le Commissaire \u00e0 la Jeunesse du Comit\u00e9 provincial de l\u2019EBUV de Binh Thuan, s\u2019y est rendu avec Tran Van Y et Le Cuong, deux dirigeants du Mouvement Bouddhiste pour la Jeunesse. La Police a refus\u00e9 que ces derniers accompagnent le V\u00e9n\u00e9rable dans le b\u00e2timent.<\/p>\n<p>Lors de la \u00ab session de travail \u00bb qui a dur\u00e9 deux heures, les cadres du Comit\u00e9 Populaire et de la Police ont indiqu\u00e9 \u00e0 Thich Thong Hai que l\u2019EBUV de Binh Thuan ne serait pas autoris\u00e9e \u00e0 c\u00e9l\u00e9brer le Vesak. Ils l\u2019ont averti que si l\u2019EBUV allait \u00e0 l\u2019encontre de cette interdiction, les autorit\u00e9s prendraient des <em>\u00ab\u00a0mesures pr\u00e9ventives\u00a0\u00bb<\/em>. Le Vesak est l\u2019\u00e9v\u00e9nement le plus important dans le calendrier bouddhique. Thich Thong Hai et l\u2019EBUV de Binh Thuan ont exprim\u00e9 leur profonde pr\u00e9occupation quant au fait que la Police va les emp\u00eacher de force de c\u00e9l\u00e9brer cette importante f\u00eate religieuse.<\/p>\n<p>A <strong>Danang<\/strong>, le dirigeant du Mouvement Bouddhiste de la Jeunesse <strong>Le Cong Cau<\/strong> a rapport\u00e9 que la Police avait impos\u00e9 une surveillance 24 heures sur 24 de la Pagode Giac Minh, qui est le si\u00e8ge du Comit\u00e9 provincial de l\u2019EBUV de la province Quang Nam-Danang et du Mouvement Bouddhiste de la Jeunesse. Au poste de la police locale (To Dan Pho), juste en face de la pagode, une cam\u00e9ra est braqu\u00e9e sur l\u2019entr\u00e9e de la pagode et un fonctionnaire est constamment assis \u00e0 la fen\u00eatre pour noter les plaques d\u2019immatriculation de toutes les voitures entrant dans la pagode. Une vingtaine d\u2019autres fonctionnaires sont post\u00e9s en permanence autour de l\u2019entr\u00e9e et dans les caf\u00e9s alentours, pr\u00eats \u00e0 intercepter quiconque entrerait ou quitterait les lieux.<\/p>\n<p>Cette surveillance \u00e9troite de la police a emp\u00each\u00e9 la livraison de nourriture et autres fournitures \u00e0 la pagode. Les Bouddhistes de la congr\u00e9gation de Giac Minh sont oblig\u00e9s d\u2019attendre la nuit pour apporter secr\u00e8tement des sacs de riz et autres biens de premi\u00e8re n\u00e9cessit\u00e9 aux bonzes.<\/p>\n<p>La situation \u00e0 Binh Thuan et Danang n\u2019est que le reflet des harc\u00e8lements continuels et des difficult\u00e9s que vivent les membres de l\u2019EBUV hors-la-loi dans tout le Vietnam. Le Patriarche de l\u2019EBUV Thich Quang Do, \u00e2g\u00e9 de 84 ans et propos\u00e9 pour le Prix Nobel de la Paix, n\u2019est m\u00eame pas autoris\u00e9 \u00e0 pr\u00eacher dans son Monast\u00e8re Zen Thanh Minh (Saigon) o\u00f9 il se trouve <em>de facto<\/em> assign\u00e9 \u00e0 r\u00e9sidence. Ces pers\u00e9cutions en cours d\u00e9mentent les d\u00e9clarations r\u00e9p\u00e9t\u00e9es du Vietnam selon lesquelles il <em>\u00ab\u00a0respecte la libert\u00e9 religieuse et les droits de l\u2019Homme\u00a0\u00bb<\/em>. Le BIIB en appelle \u00e0 la communaut\u00e9 internationale pour qu\u2019elle fasse pression sur le Vietnam afin qu\u2019il respecte ses engagements internationaux en tant qu\u2019Etat Partie aux trait\u00e9s de l\u2019ONU sur la protection des droits de l\u2019Homme et cesse la r\u00e9pression contre l\u2019Eglise Bouddhique Unifi\u00e9e du Vietnam.<\/p>\n","protected":false},"excerpt":{"rendered":"<p>PARIS, 28 avril 2012 (BIIB) \u2013 Le Bureau International d\u2019Information Bouddhiste vient de recevoir un rapport urgent de l\u2019Eglise Bouddhique Unifi\u00e9e du Vietnam (EBUV) sur l\u2019intensification des contr\u00f4les et des harc\u00e8lements par la Police \u00e0 l\u2019occasion des c\u00e9l\u00e9brations du Vesak. Le Vesak est l\u2019anniversaire de la Naissance du Bouddha et doit avoir lieu le 5 &hellip;<\/p>\n","protected":false},"author":375,"featured_media":0,"comment_status":"closed","ping_status":"closed","sticky":false,"template":"","format":"standard","meta":{"_bbp_topic_count":0,"_bbp_reply_count":0,"_bbp_total_topic_count":0,"_bbp_total_reply_count":0,"_bbp_voice_count":0,"_bbp_anonymous_reply_count":0,"_bbp_topic_count_hidden":0,"_bbp_reply_count_hidden":0,"_bbp_forum_subforum_count":0,"footnotes":""},"categories":[101],"tags":[],"class_list":["post-1829","post","type-post","status-publish","format-standard","","category-ibib-fr"],"_links":{"self":[{"href":"https:\/\/queme.org\/fr\/wp-json\/wp\/v2\/posts\/1829","targetHints":{"allow":["GET"]}}],"collection":[{"href":"https:\/\/queme.org\/fr\/wp-json\/wp\/v2\/posts"}],"about":[{"href":"https:\/\/queme.org\/fr\/wp-json\/wp\/v2\/types\/post"}],"author":[{"embeddable":true,"href":"https:\/\/queme.org\/fr\/wp-json\/wp\/v2\/users\/375"}],"replies":[{"embeddable":true,"href":"https:\/\/queme.org\/fr\/wp-json\/wp\/v2\/comments?post=1829"}],"version-history":[{"count":0,"href":"https:\/\/queme.org\/fr\/wp-json\/wp\/v2\/posts\/1829\/revisions"}],"wp:attachment":[{"href":"https:\/\/queme.org\/fr\/wp-json\/wp\/v2\/media?parent=1829"}],"wp:term":[{"taxonomy":"category","embeddable":true,"href":"https:\/\/queme.org\/fr\/wp-json\/wp\/v2\/categories?post=1829"},{"taxonomy":"post_tag","embeddable":true,"href":"https:\/\/queme.org\/fr\/wp-json\/wp\/v2\/tags?post=1829"}],"curies":[{"name":"wp","href":"https:\/\/api.w.org\/{rel}","templated":true}]}}