{"id":2696,"date":"2016-06-17T12:00:00","date_gmt":"2016-06-17T00:00:00","guid":{"rendered":"http:\/\/queme.org\/en\/lintergroupe-du-parlement-europeen-sur-la-liberte-de-religion-ou-de-croyance-et-sur-la-tolerance-religieuse-lancera-son-rapport-annuel-sur-la-liberte-religieuse-dans-le-monde-le-30-juin-2016\/"},"modified":"2016-09-09T13:39:08","modified_gmt":"2016-09-09T13:39:08","slug":"lintergroupe-du-parlement-europeen-sur-la-liberte-de-religion-ou-de-croyance-et-sur-la-tolerance-religieuse-lancera-son-rapport-annuel-sur-la-liberte-religieuse-dans-le-monde-le-30-juin-2016","status":"publish","type":"post","link":"https:\/\/queme.org\/fr\/lintergroupe-du-parlement-europeen-sur-la-liberte-de-religion-ou-de-croyance-et-sur-la-tolerance-religieuse-lancera-son-rapport-annuel-sur-la-liberte-religieuse-dans-le-monde-le-30-juin-2016\/","title":{"rendered":"L\u2019Intergroupe du Parlement Europ\u00e9en sur la Libert\u00e9 de Religion ou de Croyance et sur la Tol\u00e9rance Religieuse lancera son Rapport Annuel sur la libert\u00e9 religieuse dans le monde le 30 juin 2016"},"content":{"rendered":"<p>Commentaires du Secr\u00e9taire Ex\u00e9cutif du Comit\u00e9 Vietnam pour la D\u00e9fense des Droits de l\u2019Homme V\u00f5 Tr\u1ea7n Nh\u1eadt sur la sortie prochaine du Rapport annuel de l\u2019Intergroupe du Parlement Europ\u00e9en sur la Libert\u00e9 de Religion ou de Croyance et sur la Tol\u00e9rance Religieuse (30 juin 2016)<\/p>\n<div align=\"center\"><iframe loading=\"lazy\" width=\"390\" height=\"219\" src=\"https:\/\/www.youtube.com\/embed\/iFMTzaVei0Q\" frameborder=\"0\" allowfullscreen><\/iframe><\/div>\n","protected":false},"excerpt":{"rendered":"<p>Commentaires du Secr\u00e9taire Ex\u00e9cutif du Comit\u00e9 Vietnam pour la D\u00e9fense des Droits de l\u2019Homme V\u00f5 Tr\u1ea7n Nh\u1eadt sur la sortie prochaine du Rapport annuel de l\u2019Intergroupe du Parlement Europ\u00e9en sur la Libert\u00e9 de Religion ou de Croyance et sur la Tol\u00e9rance Religieuse (30 juin 2016)<\/p>\n","protected":false},"author":375,"featured_media":0,"comment_status":"closed","ping_status":"closed","sticky":false,"template":"","format":"standard","meta":{"_bbp_topic_count":0,"_bbp_reply_count":0,"_bbp_total_topic_count":0,"_bbp_total_reply_count":0,"_bbp_voice_count":0,"_bbp_anonymous_reply_count":0,"_bbp_topic_count_hidden":0,"_bbp_reply_count_hidden":0,"_bbp_forum_subforum_count":0,"footnotes":""},"categories":[66],"tags":[],"class_list":["post-2696","post","type-post","status-publish","format-standard","","category-vchr-fr"],"_links":{"self":[{"href":"https:\/\/queme.org\/fr\/wp-json\/wp\/v2\/posts\/2696","targetHints":{"allow":["GET"]}}],"collection":[{"href":"https:\/\/queme.org\/fr\/wp-json\/wp\/v2\/posts"}],"about":[{"href":"https:\/\/queme.org\/fr\/wp-json\/wp\/v2\/types\/post"}],"author":[{"embeddable":true,"href":"https:\/\/queme.org\/fr\/wp-json\/wp\/v2\/users\/375"}],"replies":[{"embeddable":true,"href":"https:\/\/queme.org\/fr\/wp-json\/wp\/v2\/comments?post=2696"}],"version-history":[{"count":0,"href":"https:\/\/queme.org\/fr\/wp-json\/wp\/v2\/posts\/2696\/revisions"}],"wp:attachment":[{"href":"https:\/\/queme.org\/fr\/wp-json\/wp\/v2\/media?parent=2696"}],"wp:term":[{"taxonomy":"category","embeddable":true,"href":"https:\/\/queme.org\/fr\/wp-json\/wp\/v2\/categories?post=2696"},{"taxonomy":"post_tag","embeddable":true,"href":"https:\/\/queme.org\/fr\/wp-json\/wp\/v2\/tags?post=2696"}],"curies":[{"name":"wp","href":"https:\/\/api.w.org\/{rel}","templated":true}]}}