{"id":2699,"date":"2016-06-22T12:00:00","date_gmt":"2016-06-22T00:00:00","guid":{"rendered":"http:\/\/queme.org\/en\/32eme-session-du-conseil-des-droits-de-lhomme-de-lonu-le-comite-vietnam-pour-la-defense-des-droits-de-lhomme-denonce-la-repression-violente-des-manifestations-au-vietnam\/"},"modified":"2018-11-13T17:34:13","modified_gmt":"2018-11-13T17:34:13","slug":"32eme-session-du-conseil-des-droits-de-lhomme-de-lonu-le-comite-vietnam-pour-la-defense-des-droits-de-lhomme-denonce-la-repression-violente-des-manifestations-au-vietnam","status":"publish","type":"post","link":"https:\/\/queme.org\/fr\/32eme-session-du-conseil-des-droits-de-lhomme-de-lonu-le-comite-vietnam-pour-la-defense-des-droits-de-lhomme-denonce-la-repression-violente-des-manifestations-au-vietnam\/","title":{"rendered":"<em>32\u00e8me session du Conseil des droits de l\u2019Homme de l\u2019ONU :<\/em><br>Le Comit\u00e9 Vietnam pour la D\u00e9fense des Droits de l\u2019Homme d\u00e9nonce la r\u00e9pression violente des manifestations au Vietnam"},"content":{"rendered":"<p>GEN\u00c8VE, le 22 juin 2016 (VCHR) \u2013 Au nom de la FIDH, le Pr\u00e9sident du Comit\u00e9 Vietnam pour la D\u00e9fense des Droits de l\u2019Homme V\u00f5 V\u0103n \u00c1i a regrett\u00e9 devant le Conseil des Droits de l\u2019Homme de l\u2019ONU le silence assourdissant de la Vice-Pr\u00e9sidente vietnamienne, Mme \u0110\u1eb7ng Th\u1ecb Ng\u1ecdc Th\u1ecbnh, concernant la \u00ab violente r\u00e9pression \u00bb en cours contre les manifestations pacifiques.<\/p>\n<p><em>\u00ab En tant que membre du Conseil des Droits de l\u2019Homme, le Vietnam devrait avoir le courage de venir s\u2019expliquer sur les exactions sauvages qu\u2019il commet de fa\u00e7on \u00e9hont\u00e9e et tragique \u00e0 l\u2019encontre de ses propres citoyens qui ne font qu\u2019exprimer une inqui\u00e9tude l\u00e9gitime face \u00e0 une pollution catastrophique. \u00bb <\/em>a consid\u00e9r\u00e9 V\u00f5 V\u0103n \u00c1i. <em>\u00ab Dans son discours, la Vice-Pr\u00e9sidente \u0110\u1eb7ng Th\u1ecb Ng\u1ecdc Th\u1ecbnh a fait l\u2019\u00e9loge de la collaboration et du dialogue pour une meilleure protection des droits de l\u2019Homme, mais au pays, c\u2019est la confrontation et la violation des droits fondamentaux des citoyens qui fait la politique du gouvernement \u00bb<\/em>.<\/p>\n<p>&nbsp;<\/p>\n<figure id=\"attachment_40499\" aria-describedby=\"caption-attachment-40499\" style=\"width: 600px\" class=\"wp-caption aligncenter\"><img decoding=\"async\" class=\"size-full wp-image-40499\" src=\"http:\/\/queme.org\/app\/uploads\/2016\/06\/2016-0622a.jpg\" alt=\"V\u00f5 V\u0103n \u00c1i\" width=\"600\" height=\"403\" srcset=\"https:\/\/queme.org\/app\/uploads\/2016\/06\/2016-0622a.jpg 600w, https:\/\/queme.org\/app\/uploads\/2016\/06\/2016-0622a-150x101.jpg 150w, https:\/\/queme.org\/app\/uploads\/2016\/06\/2016-0622a-300x202.jpg 300w, https:\/\/queme.org\/app\/uploads\/2016\/06\/2016-0622a-110x75.jpg 110w\" sizes=\"(max-width: 600px) 100vw, 600px\" \/><figcaption id=\"caption-attachment-40499\" class=\"wp-caption-text\">V\u00f5 V\u0103n \u00c1i<\/figcaption><\/figure>\n<p>&nbsp;<\/p>\n<p>Depuis le mois d\u2019avril 2016, la pire catastrophe \u00e9cologique qu\u2019ait jamais connue le Vietnam a d\u00e9vers\u00e9 sur les c\u00f4tes plus de 100 tonnes de poissons morts et provoqu\u00e9 la ruine du secteur de la p\u00eache et de l\u2019aquaculture qui assure la subsistance de la majorit\u00e9 de la population du Centre du Vietnam. La pollution a touch\u00e9 pr\u00e8s de 200 km de c\u00f4te dans le Centre du Vietnam (provinces de H\u00e0 T\u0129nh, Qu\u1ea3ng B\u00ecnh, Qu\u1ea3ng Tr\u1ecb et Th\u1eeba Thi\u00ean Hu\u1ebf).<\/p>\n<p>Cette catastrophe \u00e9cologique a suscit\u00e9 l\u2019indignation de la population vietnamienne qui, depuis le mois d\u2019avril, s\u2019est mobilis\u00e9e sur les r\u00e9seaux sociaux et dans la rue pour protester et demander des comptes. Ainsi, tous les dimanches, des milliers de manifestants se rassemblent dans l\u2019ensemble du pays, en particulier dans les grandes villes pour protester pacifiquement contre le manque de transparence du gouvernement et contre les responsables suppos\u00e9s de la pollution.<\/p>\n<p>Les autorit\u00e9s et la police n\u2019ont r\u00e9pondu que par une violente r\u00e9pression, des arrestations arbitraires ainsi que des mesures pour emp\u00eacher les citoyens de quitter leur domicile pour aller manifester (menaces, blocage des quartiers&#8230;).<\/p>\n<p>Ainsi le 8 mai 2016, les t\u00e9moignages rapportent que des centaines de manifestants ont \u00e9t\u00e9 rou\u00e9s de coups, tra\u00een\u00e9s de force dans les postes de police o\u00f9 ils ont \u00e9t\u00e9 d\u00e9tenus arbitrairement dans les villes Ho Chi Minh Ville, Nha Trang, Danang et Hanoi. Le 15 mai, \u00e0 Ho Chi Minh Ville et Hanoi, des centaines de personnes ont \u00e9t\u00e9 intern\u00e9s dans des centres de r\u00e9habilitation, qui sont connus pour \u00eatre des quasi-prisons. Le 22 mai, alors que le Pr\u00e9sident am\u00e9ricain Barack Obama \u00e9tait en visite officielle dans le pays, les autorit\u00e9s vietnamiennes ont emp\u00each\u00e9 toute manifestation en cernant et assignant \u00e0 r\u00e9sidence, ou en d\u00e9tenant ill\u00e9galement des dizaines de citoyens. Le 5 juin, au moins 30 militants ont \u00e9t\u00e9 d\u00e9tenus \u00e0 Hanoi et Ho Chi Minh Ville et les manifestations ont \u00e9t\u00e9 emp\u00each\u00e9es par la police.<\/p>\n<p>Dans le m\u00eame temps, les r\u00e9seaux sociaux comme Facebook, Instagram ou Twitter, ont \u00e9t\u00e9 bloqu\u00e9s. Ils sont l\u2019un des principaux moyens de communication pour la mobilisation des manifestations.<\/p>\n<p>Malgr\u00e9 le fait que plusieurs scientifiques vietnamiens aient r\u00e9v\u00e9l\u00e9 que les causes de la pollution \u00e9taient \u00e9tablies, le gouvernement ne les a toujours pas rendues publiques et donn\u00e9 l\u2019impression de prot\u00e9ger les responsables.<\/p>\n<p>La r\u00e9pression de ces manifestations, ph\u00e9nom\u00e8ne qui n\u2019est pas nouveau au Vietnam, intervient dans un contexte de renforcement de la r\u00e9pression tous azimuts \u00e0 la suite du XII\u00e8me Congr\u00e8s du Parti Communiste Vietnamien au mois de janvier 2016, qui a vu l\u2019arriv\u00e9e au pouvoir d\u2019une \u00e9quipe majoritairement issue des forces arm\u00e9es et de s\u00e9curit\u00e9.<\/p>\n<p>&nbsp;<\/p>\n<p>&nbsp;<\/p>\n","protected":false},"excerpt":{"rendered":"<p>GEN\u00c8VE, le 22 juin 2016 (VCHR) \u2013 Au nom de la FIDH, le Pr\u00e9sident du Comit\u00e9 Vietnam pour la D\u00e9fense des Droits de l\u2019Homme V\u00f5 V\u0103n \u00c1i a regrett\u00e9 devant le Conseil des Droits de l\u2019Homme de l\u2019ONU le silence assourdissant de la Vice-Pr\u00e9sidente vietnamienne, Mme \u0110\u1eb7ng Th\u1ecb Ng\u1ecdc Th\u1ecbnh, concernant la \u00ab violente r\u00e9pression &hellip;<\/p>\n","protected":false},"author":375,"featured_media":29225,"comment_status":"closed","ping_status":"closed","sticky":false,"template":"","format":"standard","meta":{"_bbp_topic_count":0,"_bbp_reply_count":0,"_bbp_total_topic_count":0,"_bbp_total_reply_count":0,"_bbp_voice_count":0,"_bbp_anonymous_reply_count":0,"_bbp_topic_count_hidden":0,"_bbp_reply_count_hidden":0,"_bbp_forum_subforum_count":0,"footnotes":""},"categories":[112,100,66],"tags":[],"class_list":["post-2699","post","type-post","status-publish","format-standard","has-post-thumbnail","","category-actualites","category-communique-de-presse","category-vchr-fr"],"_links":{"self":[{"href":"https:\/\/queme.org\/fr\/wp-json\/wp\/v2\/posts\/2699","targetHints":{"allow":["GET"]}}],"collection":[{"href":"https:\/\/queme.org\/fr\/wp-json\/wp\/v2\/posts"}],"about":[{"href":"https:\/\/queme.org\/fr\/wp-json\/wp\/v2\/types\/post"}],"author":[{"embeddable":true,"href":"https:\/\/queme.org\/fr\/wp-json\/wp\/v2\/users\/375"}],"replies":[{"embeddable":true,"href":"https:\/\/queme.org\/fr\/wp-json\/wp\/v2\/comments?post=2699"}],"version-history":[{"count":0,"href":"https:\/\/queme.org\/fr\/wp-json\/wp\/v2\/posts\/2699\/revisions"}],"wp:featuredmedia":[{"embeddable":true,"href":"https:\/\/queme.org\/fr\/wp-json\/wp\/v2\/media\/29225"}],"wp:attachment":[{"href":"https:\/\/queme.org\/fr\/wp-json\/wp\/v2\/media?parent=2699"}],"wp:term":[{"taxonomy":"category","embeddable":true,"href":"https:\/\/queme.org\/fr\/wp-json\/wp\/v2\/categories?post=2699"},{"taxonomy":"post_tag","embeddable":true,"href":"https:\/\/queme.org\/fr\/wp-json\/wp\/v2\/tags?post=2699"}],"curies":[{"name":"wp","href":"https:\/\/api.w.org\/{rel}","templated":true}]}}