{"id":6019,"date":"2009-04-11T12:00:00","date_gmt":"2009-04-11T00:00:00","guid":{"rendered":"http:\/\/queme.org\/all\/all\/declaration-des-mouvements-et-organisations-des-vietnamiens-libres-de-france-pour-soutenir-lappel-du-tres-venerable-thich-quang-do-29-3-2009\/"},"modified":"2016-09-09T13:46:02","modified_gmt":"2016-09-09T13:46:02","slug":"declaration-des-mouvements-et-organisations-des-vietnamiens-libres-de-france-pour-soutenir-lappel-du-tres-venerable-thich-quang-do-29-3-2009","status":"publish","type":"post","link":"https:\/\/queme.org\/fr\/declaration-des-mouvements-et-organisations-des-vietnamiens-libres-de-france-pour-soutenir-lappel-du-tres-venerable-thich-quang-do-29-3-2009\/","title":{"rendered":"<i>Vietnamiens Libres de France<\/i> : D\u00e9claration des Mouvements et Organisations des Vietnamiens Libres de France pour soutenir l\u2019Appel du Tr\u00e8s V\u00e9n\u00e9rable Thich Quang Do (29.3.2009)"},"content":{"rendered":"<div align=\"center\"><span class=\"title\"><font color=\"#003366\">DECLARATION<br \/>\npar les Mouvements et Organisations des Vietnamiens Libres de France<br \/>\npour soutenir l\u2019Appel du Tr\u00e8s V\u00e9n\u00e9rable Thich Quang Do (29.3.2009)<\/font><\/span><\/div>\n<p>La d\u00e9claration suivante a \u00e9t\u00e9 adopt\u00e9e \u00e0 l\u2019unanimit\u00e9 par les participants de la Conf\u00e9rence organis\u00e9e par le Bureau de Liaison des Vietnamiens Libres de France, le 11 avril 2009, dans le XIII\u00e8me arrondissement de Paris :<\/p>\n<blockquote><p>1) <strong>Nous soutenons avec force l\u2019appel du Tr\u00e8s V\u00e9n\u00e9rable Thich Quang Do pour un Mois de D\u00e9sob\u00e9issance Civile<\/strong> durant lequel les Vietnamiens au pays manifesteront en restant \u00e0 la maison, et les Vietnamiens \u00e0 l\u2019\u00e9tranger organiseront des actions de soutien pour protester contre les revendications de la Chine, qui visent \u00e0 envahir le Vietnam par des moyens militaires, culturels et \u00e9conomiques, avec la complicit\u00e9 de ses laquais du Parti Communiste du Vietnam ;<\/p>\n<p>2) <strong>Nous sommes fermement d\u00e9termin\u00e9s \u00e0 lutter pour d\u00e9fendre notre int\u00e9grit\u00e9 territoriale<\/strong> et \u00e0 recouvrer notre souverainet\u00e9 sur les terres usurp\u00e9es par les Communistes. Nous sommes pr\u00eats \u00e0 nous joindre \u00e0 toute autre initiative des Vietnamiens au pays ou \u00e0 l\u2019\u00e9tranger visant \u00e0 prot\u00e9ger notre souverainet\u00e9 nationale et \u00e0 gagner la libert\u00e9 et la d\u00e9mocratie pour le Vietnam ;<\/p>\n<blockquote><p><strong>a. Nous en appelons aux autorit\u00e9s de Hanoi :<\/strong><\/p>\n<p>b. De soumettre d\u2019urgence les revendications du Vietnam sur le Plateau continental \u00e0 la Commission de l\u2019ONU des limites du plateau continental, en vertu de la Convention de l\u2019ONU sur le droit de la mer, avant la date butoir du 13 mai 2009 ;<\/p>\n<p>c. De rendre public l\u2019int\u00e9gralit\u00e9 les trait\u00e9s d\u00e9limitant les fronti\u00e8res terrestres et maritimes sign\u00e9s avec la Chine en 1999-2000, y compris les cartes d\u00e9taill\u00e9es y attenantes ;<\/p>\n<p>d. De convoquer d\u2019urgence une conf\u00e9rence r\u00e9unissant les repr\u00e9sentants de toute la population, y compris les scientifiques, les \u00e9conomistes, les experts de l\u2019environnement, ceux du secteur minier, les g\u00e9ologues, ainsi que les conseillers militaires et les repr\u00e9sentants de tous les secteurs politiques, religieux, sociaux, incluant les Vietnamiens d\u2019outre-mer, afin d\u2019arriver \u00e0 un consensus pour l\u2019arr\u00eat de l\u2019exploitation de la bauxite sur les Hauts-Plateaux\n<\/p><\/blockquote>\n<p>3) <strong>Nous en appelons aux Vietnamiens de l\u2019\u00e9tranger pour qu\u2019au mois de mai 2009, ils ne se rendent pas au Vietnam ni n\u2019envoient d\u2019argent au Vietnam<\/strong> (exceptions faites des situations humanitaires ou d\u2019urgence). Ce boycott constitue notre avertissement aux autorit\u00e9s de Hanoi pour leur signifier qu\u2019elles doivent enclencher d\u2019urgence un processus de transition de l\u2019autoritarisme vers la d\u00e9mocratie au Vietnam.\n<\/p><\/blockquote>\n<div align=\"right\">XIII\u00e8me  arrondissement de Paris, le 11 avril 2009<\/div>\n<div align=\"left\"><em><strong>M. Nguyen Quoc  Nam<\/strong>, Pr\u00e9sident, Comit\u00e9 Ex\u00e9cutif,  Alliance pour la D\u00e9mocratie au Vietnam<br \/>\n<strong>M. Nguyen Bac Ninh<\/strong>, Parti R\u00e9volutionnaire Dai Viet <br \/>\n<strong>Mme Nguyen Thi Kim Nhung<\/strong>, Parti Nationaliste Dai Viet<br \/>\n<strong>M. Tran Kinh Thanh<\/strong>, Parti pour la R\u00e9forme du Vietnam Viet Tan<br \/>\n<strong>M. Tran Minh Ran<\/strong>, Parti de la Restauration<br \/>\n<strong>M. Vo Van Ai<\/strong>, Pr\u00e9sident, Qu\u00ea Me: Action pour la D\u00e9mocratie au Vietnam &#038; Comit\u00e9 Vietnam pour la D\u00e9fense des Droits de l\u2019Homme<br \/>\n<strong>Dr Phan Khac Tuong<\/strong>, Pr\u00e9sident, Communaut\u00e9 des Vietnamiens Libres de France<br \/>\n<strong>M. Dinh Lam Thanh<\/strong>, Pr\u00e9sident, Association Culturelle Vietnamienne<br \/>\n<strong>M. Nguyen Trac Viet<\/strong>, Association de la Jeunesse Vietnamienne en France<br \/>\n<strong>M. Dang Vu Loi<\/strong>, Association de la Marine de guerre et de la Marine marchande de la R\u00e9publique du Vietnam<br \/>\n<strong>M. Chau Van Loc<\/strong>, Bureau de Liaison des V\u00e9t\u00e9rans en Europe<br \/>\n<strong>M. Tran Nghia Hiep<\/strong>, Club Culturel des Vietnamiens Libres <br \/>\n<strong>M. Tran Van Thu<\/strong>, ancien fonctionnaire du Sud Vietnam et de France<br \/>\n<strong>M. Nguyen Nhu Giac<\/strong>,  Association pour l\u2019\u00e9tude du I Ching<br \/>\n<strong>Mme Duong Thuy Trang<\/strong>, Parti de la Restauration<br \/>\n<strong>Mme Duong Thuy Phuong<\/strong>, Bureau de la Solidarit\u00e9 Sociale <br \/>\n<strong>Ma\u00eetre Tran Thanh Hiep<\/strong>, avocat, Centre des Droits de l\u2019Homme du Vietnam<br \/>\n<strong>M. Nguyen Phuc Tung<\/strong>, Bureau de Liaison des Vietnamiens Libres de France<br \/>\n<strong>G\u00e9n\u00e9ral de division Nguyen Van Trung<\/strong><br \/>\n<strong>M. Doan Tran Duc<\/strong><br \/>\n<strong>M. Nguyen Van Chau<\/strong><br \/>\n<strong>M. Nguyen Van Thuan<\/strong><br \/>\n<strong>Mme Ha Lan Phuong<\/strong><br \/>\n<strong>Mme Dang Thi Phuong Lan<\/strong><\/em><\/div>\n","protected":false},"excerpt":{"rendered":"<p>DECLARATION par les Mouvements et Organisations des Vietnamiens Libres de France pour soutenir l\u2019Appel du Tr\u00e8s V\u00e9n\u00e9rable Thich Quang Do (29.3.2009) La d\u00e9claration suivante a \u00e9t\u00e9 adopt\u00e9e \u00e0 l\u2019unanimit\u00e9 par les participants de la Conf\u00e9rence organis\u00e9e par le Bureau de Liaison des Vietnamiens Libres de France, le 11 avril 2009, dans le XIII\u00e8me arrondissement de &hellip;<\/p>\n","protected":false},"author":375,"featured_media":0,"comment_status":"closed","ping_status":"closed","sticky":false,"template":"","format":"standard","meta":{"_bbp_topic_count":0,"_bbp_reply_count":0,"_bbp_total_topic_count":0,"_bbp_total_reply_count":0,"_bbp_voice_count":0,"_bbp_anonymous_reply_count":0,"_bbp_topic_count_hidden":0,"_bbp_reply_count_hidden":0,"_bbp_forum_subforum_count":0,"footnotes":""},"categories":[68],"tags":[],"class_list":["post-6019","post","type-post","status-publish","format-standard","","category-ressources"],"_links":{"self":[{"href":"https:\/\/queme.org\/fr\/wp-json\/wp\/v2\/posts\/6019","targetHints":{"allow":["GET"]}}],"collection":[{"href":"https:\/\/queme.org\/fr\/wp-json\/wp\/v2\/posts"}],"about":[{"href":"https:\/\/queme.org\/fr\/wp-json\/wp\/v2\/types\/post"}],"author":[{"embeddable":true,"href":"https:\/\/queme.org\/fr\/wp-json\/wp\/v2\/users\/375"}],"replies":[{"embeddable":true,"href":"https:\/\/queme.org\/fr\/wp-json\/wp\/v2\/comments?post=6019"}],"version-history":[{"count":0,"href":"https:\/\/queme.org\/fr\/wp-json\/wp\/v2\/posts\/6019\/revisions"}],"wp:attachment":[{"href":"https:\/\/queme.org\/fr\/wp-json\/wp\/v2\/media?parent=6019"}],"wp:term":[{"taxonomy":"category","embeddable":true,"href":"https:\/\/queme.org\/fr\/wp-json\/wp\/v2\/categories?post=6019"},{"taxonomy":"post_tag","embeddable":true,"href":"https:\/\/queme.org\/fr\/wp-json\/wp\/v2\/tags?post=6019"}],"curies":[{"name":"wp","href":"https:\/\/api.w.org\/{rel}","templated":true}]}}