{"id":769,"date":"2007-03-15T12:00:00","date_gmt":"2007-03-15T00:00:00","guid":{"rendered":"http:\/\/queme.org\/en\/thrse-jebsen-de-la-fondation-rafto-arrte-saigon-lors-de-sa-visite-thich-quang-do\/"},"modified":"2016-09-09T13:48:31","modified_gmt":"2016-09-09T13:48:31","slug":"thrse-jebsen-de-la-fondation-rafto-arrte-saigon-lors-de-sa-visite-thich-quang-do","status":"publish","type":"post","link":"https:\/\/queme.org\/fr\/thrse-jebsen-de-la-fondation-rafto-arrte-saigon-lors-de-sa-visite-thich-quang-do\/","title":{"rendered":"Th\u00e9r\u00e8se Jebsen de la Fondation Rafto arr\u00eat\u00e9e \u00e0 Saigon lors de sa visite \u00e0 Thich Quang Do"},"content":{"rendered":"<table width=\"143\" align=\"left\" border=\"0\" cellpadding=\"0\">\n<tr><img decoding=\"async\" src=\"http:\/\/www.queme.net\/photos\/therese_jebsen1.jpg\" width=\"141\" height=\"184\" hspace=\"5\" vspace=\"5\" align=\"left\" alt=\"Therese Jebsen (Photo Fondation Rafto)\"><\/tr>\n<tr>\n<div align=\"center\"><span class=\"text\"><font face=\"Times New Roman\" size=\"-1\">Therese Jebsen<br \/><i>(Photo Fondation Rafto)<\/i><\/font><\/span><\/div>\n<\/tr>\n<\/table>\n<p>PARIS, le 15 mars 2007 (BIIB) &#8211; A 9h00 (heure locale) ce matin, jeudi 15 mars 2007, Mme <b>Th\u00e9r\u00e8se Jebsen<\/b> de la <b>Fondation Rafto<\/b>, bas\u00e9e \u00e0 Bergen en Norv\u00e8ge, a \u00e9t\u00e9 arr\u00eat\u00e9e alors qu\u2019elle rendait visite au V\u00e9n\u00e9rable <b>Thich Quang Do<\/b>, deuxi\u00e8me dignitaire de l\u2019Eglise Bouddhique Unifi\u00e9e du Vietnam (EBUV, Eglise historique, ind\u00e9pendante, interdite depuis 1981), qui est assign\u00e9 \u00e0 r\u00e9sidence au Monast\u00e8re Zen Thanh Minh \u00e0 Saigon. Lorsqu\u2019elle est entr\u00e9e dans le Monast\u00e8re avec deux autres personnes, cinq policiers, un en uniforme, les autres en civil, ont imm\u00e9diatement surgi pour les appr\u00e9hender. Thich Quang Do a protest\u00e9 contre cette arrestation qui rompait avec la traditionnelle hospitalit\u00e9 vietnamienne. Il a insist\u00e9 pour pouvoir parler avec Mme Jebsen, mais les policiers ont refus\u00e9 et l\u2019ont emmen\u00e9e, ainsi que les deux autres personnes, dans une voiture de police. Ils ont dit les conduire au poste de police du 15\u00e8me arrondissement (Phu Nhuan).<\/p>\n<table width=\"200\" align=\"right\" border=\"0\" cellpadding=\"0\">\n<tr>\n<td>\n<div align=\"right\"><span class=\"title\"><font face=\"Times New Roman\" color=\"#990000\"><i><b>\u00ab\u00a0Cette arrestation me fait honte, pour mon pays et pour mon peuple\u00a0\u00bb<\/b><\/i><br \/>Thich Quang Do<br \/><\/font><\/span><\/div>\n<\/td>\n<\/tr>\n<tr><\/tr>\n<\/table>\n<p>\nLa <b>Fondation Rafto<\/b>, bas\u00e9e \u00e0 Bergen en Norv\u00e8ge, a r\u00e9compens\u00e9 Thich Quang Do du Prix 2006 \u00e0 la m\u00e9moire de Thorolf Rafto pour les d\u00e9fenseurs des droits de l\u2019Homme, en novembre 2006. Quatre pr\u00e9c\u00e9dents laur\u00e9ats de ce prestigieux Prix, dont Aung San Suu Kyi, ont par la suite re\u00e7u le Prix Nobel de la Paix. Dans la mesure o\u00f9 Thich Quang Do n\u2019avait pas \u00e9t\u00e9 autoris\u00e9 \u00e0 se rendre en Norv\u00e8ge pour recevoir son prix, M. <b>Arne Liljedahl Lynng\u00e5rd<\/b>, Pr\u00e9sident de la <b>Fondation Rafto<\/b>, avait demand\u00e9, au mois de f\u00e9vrier 2007, \u00e0 pouvoir se rendre au Vietnam, pour remettre en main propre le Prix \u00e0 Thich Quang Do ainsi que pour rencontrer le gouvernement vietnamien dans un esprit de dialogue. Le gouvernement vietnamien a refus\u00e9, d\u00e9clarant que M. Lynng\u00e5rd n\u2019\u00e9tait pas le bienvenu au Vietnam. La semaine derni\u00e8re, les diplomates norv\u00e9giens ont soulev\u00e9 de nouveau la question aupr\u00e8s des autorit\u00e9s vietnamiennes \u00e0 Hanoi, mais le Vietnam a refus\u00e9 de reconsid\u00e9rer sa position.<\/p>\n<p>Annon\u00e7ant la nouvelle de l\u2019incident au t\u00e9l\u00e9phone ce matin, le V\u00e9n\u00e9rable <b>Thich Quang Do<\/b> a d\u00e9clar\u00e9 au porte-parole de l\u2019EBUV Vo Van Ai<\/b>\u00a0: <i><b>\u00ab\u00a0L\u2019arrestation de Th\u00e9r\u00e8se Jebsen me fait honte, pour mon pays et pour mon peuple. 80 millions de Vietnamiens souffrent de pareilles humiliations et harc\u00e8lements chaque jour sous le r\u00e9gime communiste. Maintenant Hanoi r\u00e9serve le m\u00eame traitement insupportable aux visiteurs \u00e9trangers. Je suis choqu\u00e9, indign\u00e9 et profond\u00e9ment honteux pour le peuple du Vietnam\u00a0\u00bb.<\/b><\/i><\/p>\n","protected":false},"excerpt":{"rendered":"<p>Therese Jebsen(Photo Fondation Rafto) PARIS, le 15 mars 2007 (BIIB) &#8211; A 9h00 (heure locale) ce matin, jeudi 15 mars 2007, Mme Th\u00e9r\u00e8se Jebsen de la Fondation Rafto, bas\u00e9e \u00e0 Bergen en Norv\u00e8ge, a \u00e9t\u00e9 arr\u00eat\u00e9e alors qu\u2019elle rendait visite au V\u00e9n\u00e9rable Thich Quang Do, deuxi\u00e8me dignitaire de l\u2019Eglise Bouddhique Unifi\u00e9e du Vietnam (EBUV, Eglise &hellip;<\/p>\n","protected":false},"author":375,"featured_media":0,"comment_status":"closed","ping_status":"closed","sticky":false,"template":"","format":"standard","meta":{"_bbp_topic_count":0,"_bbp_reply_count":0,"_bbp_total_topic_count":0,"_bbp_total_reply_count":0,"_bbp_voice_count":0,"_bbp_anonymous_reply_count":0,"_bbp_topic_count_hidden":0,"_bbp_reply_count_hidden":0,"_bbp_forum_subforum_count":0,"footnotes":""},"categories":[101],"tags":[],"class_list":["post-769","post","type-post","status-publish","format-standard","","category-ibib-fr"],"_links":{"self":[{"href":"https:\/\/queme.org\/fr\/wp-json\/wp\/v2\/posts\/769","targetHints":{"allow":["GET"]}}],"collection":[{"href":"https:\/\/queme.org\/fr\/wp-json\/wp\/v2\/posts"}],"about":[{"href":"https:\/\/queme.org\/fr\/wp-json\/wp\/v2\/types\/post"}],"author":[{"embeddable":true,"href":"https:\/\/queme.org\/fr\/wp-json\/wp\/v2\/users\/375"}],"replies":[{"embeddable":true,"href":"https:\/\/queme.org\/fr\/wp-json\/wp\/v2\/comments?post=769"}],"version-history":[{"count":0,"href":"https:\/\/queme.org\/fr\/wp-json\/wp\/v2\/posts\/769\/revisions"}],"wp:attachment":[{"href":"https:\/\/queme.org\/fr\/wp-json\/wp\/v2\/media?parent=769"}],"wp:term":[{"taxonomy":"category","embeddable":true,"href":"https:\/\/queme.org\/fr\/wp-json\/wp\/v2\/categories?post=769"},{"taxonomy":"post_tag","embeddable":true,"href":"https:\/\/queme.org\/fr\/wp-json\/wp\/v2\/tags?post=769"}],"curies":[{"name":"wp","href":"https:\/\/api.w.org\/{rel}","templated":true}]}}