{"id":796,"date":"2007-04-24T12:00:00","date_gmt":"2007-04-24T00:00:00","guid":{"rendered":"http:\/\/queme.org\/en\/141-ligues-de-la-fidh-runies-a-lisbonne-condamne-la-rpression-contre-les-dfenseurs-des-droits-de-lhomme-au-vietnam\/"},"modified":"2018-04-03T08:32:27","modified_gmt":"2018-04-03T08:32:27","slug":"141-ligues-fidh-a-lisbonne-condamne-repression-contre-defenseurs-des-dh-au-vietnam","status":"publish","type":"post","link":"https:\/\/queme.org\/fr\/141-ligues-fidh-a-lisbonne-condamne-repression-contre-defenseurs-des-dh-au-vietnam\/","title":{"rendered":"141 ligues de la FIDH r\u00e9unies \u00e0 Lisbonne condamne la r\u00e9pression contre les d\u00e9fenseurs des droits de l\u2019Homme au Vietnam"},"content":{"rendered":"<p>&nbsp;<\/p>\n<p>LISBONNE, 24 avril 2007 (VCHR) &#8211; Les membres de 141 ligues venant d\u2019Afrique, d\u2019Asie, des Am\u00e9riques et d\u2019Europe, r\u00e9unies \u00e0 Lisbonne, Portugal, du22 au 24 avril 2007 pour le <b>36\u00e8me Congr\u00e8s de la F\u00e9d\u00e9ration Internationale des Ligues des Droits de l\u2019Homme (FIDH)<\/b>, ont adopt\u00e9 <b>deux r\u00e9solutions<\/b> condamnant les violations des droits de l\u2019Homme au Vietnam. Dans une <b>R\u00e9solution urgente<\/b>, le Congr\u00e8s a condamn\u00e9 la r\u00e9cente r\u00e9pression contre les d\u00e9fenseurs des droits de l\u2019Homme, les dissidents politiques et religieux, appel\u00e9 le Vietnam \u00e0 mettre un terme \u00e0 la r\u00e9pression contre tous les mouvements religieux \u00ab\u00a0non-reconnus\u00a0\u00bb, dont l\u2019Eglise Bouddhique Unifi\u00e9e du Vietnam, et \u00e0 lancer des <i>\u00ab\u00a0r\u00e9formes r\u00e9elles et effectives pour aboutir \u00e0 une soci\u00e9t\u00e9 d\u00e9mocratique et respectueuse des droits fondamentaux au Vietnam\u00a0\u00bb (voir le texte int\u00e9gral ci-dessous)<\/i>.<\/p>\n<p>Le Congr\u00e8s a \u00e9galement adopt\u00e9 une <a href=\"http:\/\/queme.org\/fr\/situation-des-droits-de-lhomme-au-vietnam\/\" target=\"_blank\"><b>R\u00e9solution g\u00e9n\u00e9rale<\/b><\/a> qui d\u00e9plore les violations grandissantes des droits de l\u2019Homme du fait de la politique de lib\u00e9ralisation \u00e9conomique acc\u00e9l\u00e9r\u00e9e <i>(doi moi)<\/i>\u00a0: <i>\u00ab\u00a0le gouvernement vietnamien s\u2019est pr\u00e9cipit\u00e9 dans la course \u00e0 l\u2019adh\u00e9sion \u00e0 l\u2019OMC, sans aucune \u00e9tude de l\u2019impact sur les populations les plus vuln\u00e9rables du Vietnam\u00a0\u00bb\u2026<\/i> Le <i>doi moi \u00ab\u00a0a abouti \u00e0 la conjonction du pire du capitalisme sauvage et du pire de l\u2019Etat totalitaire\u00a0: pour r\u00e9pondre aux exigences de la globalisation \u00e9conomique, les populations pauvres sont abandonn\u00e9es \u00e0 leur sort\u00a0\u00bb<\/i> et <i>\u00ab\u00a0l\u2019Etat exporte de la main-d\u2019\u0153uvre ouvri\u00e8re dans 40 pays \u00e9trangers sans aucune protection des travailleurs\u00a0\u00bb\u2026<\/i> Les femmes sont particuli\u00e8rement vuln\u00e9rables\u00a0: <i>\u00ab\u00a0Les violences domestiques, la traite des femmes et des jeunes filles, le probl\u00e8me grandissant du SIDA, les violations du droit \u00e0 la reproduction sont des questions tr\u00e8s s\u00e9rieuses\u00a0\u00bb<\/i>, d\u00e9clare la FIDH qui d\u00e9plore que <i>\u00ab\u00a0le gouvernement vietnamien s\u2019est engag\u00e9 dans une protection l\u00e9gale et de pure forme des droits des femmes sur le papier, ces droits ne sont nullement respect\u00e9s en pratique\u00a0\u00bb<\/i>. Elle appelle donce le Vietnam \u00e0 autoriser <i>\u00ab\u00a0l\u2019\u00e9mergence d\u2019une presse libre et des mouvements ind\u00e9pendants de la soci\u00e9t\u00e9 civile, seuls garde-fous contre les exc\u00e8s de la lib\u00e9ralisation des \u00e9changes et les abus de pouvoir\u00a0\u00bb<\/i>.<\/p>\n<p>La FIDH a \u00e9galement d\u00e9voil\u00e9, lors de son Congr\u00e8s, son tout premier Rapport de Mission au Vietnam, intitul\u00e9 <a href=\"http:\/\/queme.org\/\/app\/uploads\/2007\/04\/Report_2007_Vietnam_12_HR_Defenders_have_the_Floor.pdf\" target=\"_blank\"><b>\u00ab\u00a0Twelve Human Rights Defenders take the Floor\u00a0\u00bb<\/b><\/a> <i>(en anglais)<\/i>, qui a \u00e9t\u00e9 produit conjointement avec l\u2019Organisation Mondiale Contre la Torture (OMCT), bas\u00e9e \u00e0 Gen\u00e8ve. Durant cette Mission au Vietnam, les avocats de la FIDH ont pu rencontrer d\u2019\u00e9minents dissidents comme Thich Quang Do, Nguyen Dan Que, Hoang Minh Chinh, etc..<\/p>\n<p>La FIDH, fond\u00e9e en 1922, est la plus vieille et la plus \u00e9minente organisation fran\u00e7aise des droits de l\u2019Homme. Elle compte \u00e0 ce jour 141 ligues de par le monde.<\/p>\n<p>&nbsp;<\/p>\n<h3 style=\"text-align: center;\"><span class=\"title\"><span style=\"color: #003366;\"><b>R\u00e9solution Urgente<br \/>\nsur la situation des droits de l\u2019Homme<br \/>\nen R\u00e9publique Socialiste du Vietnam<\/b><\/span><\/span><\/h3>\n<p>&nbsp;<\/p>\n<p>36\u00e8me Congr\u00e8s de la FIDH du 22 au 24 avril 2007 \u00e0 Lisbonne &#8211; C\u2019est avec stupeur que la FIDH et ses 141 ligues ont pris connaissance des conditions du proc\u00e8s de dissidents vietnamiens, le 30 mars 2007, qui a abouti \u00e0 des peines allant jusqu\u2019\u00e0 8 ans d\u2019emprisonnement. Au cours de ce proc\u00e8s inique, les accus\u00e9s (Nguyen Van Ly, Nguyen Phong, Nguyen Binh Thanh, Hoang Thi Anh Dao et Le Thi Le Hang), poursuivis pour <i>\u00ab\u00a0propagande contre l\u2019Etat de la R\u00e9publique Socialiste du Vietnam\u00a0\u00bb<\/i> (article 88 du Code p\u00e9nal) n\u2019ont pas eu droit \u00e0 l\u2019assistance d\u2019un avocat ni m\u00eame celui de se d\u00e9fendre eux-m\u00eames. L\u2019on gardera en m\u00e9moire l\u2019image du P\u00e8re catholique Nguyen Van Ly b\u00e2illonn\u00e9 alors qu\u2019il tentait de parler.<\/p>\n<p>Outre les peines exorbitantes d\u00e9cid\u00e9es pour des actes qui rel\u00e8vent du droit \u00e0 la libert\u00e9 d\u2019expression, droit garanti par le Pacte international relatif aux droits civils et politiques ratifi\u00e9 par le Vietnam, ce proc\u00e8s tr\u00e8s m\u00e9diatis\u00e9 par la volont\u00e9 m\u00eame des autorit\u00e9s vietnamiennes appara\u00eet comme un v\u00e9ritable geste de d\u00e9fi \u00e0 la communaut\u00e9 internationale qu\u2019elles viennent de leurrer \u00e9hont\u00e9ment.<\/p>\n<p>Il s\u2019inscrit dans une vague de r\u00e9pression de grande ampleur qui a vu le harc\u00e8lement et l\u2019arrestation de nombreux dissidents et d\u00e9fenseurs des droits de l\u2019Homme, comme les avocats Nguyen Van Dai, Le Thi Cong Nhan (tous deux arr\u00eat\u00e9s le 6 mars 2007) et Le Quoc Quan arr\u00eat\u00e9 le 8 mars 2007 et accus\u00e9 d\u2019avoir voulu <i>\u00ab\u00a0renverser le gouvernement\u00a0\u00bb<\/i>, crime puni jusqu\u2019\u00e0 l\u2019emprisonnement \u00e0 vie et la peine de mort. Le 15 mars 2007, c\u2019est la d\u00e9l\u00e9gation norv\u00e9gienne venue remettre \u00e0 Thich Quang Do le Prix Rafto 2006 pour les d\u00e9fenseurs des droits de l\u2019Homme qu\u2019il n\u2019avait pu venir chercher en Norv\u00e8ge en novembre 2006, qui a \u00e9t\u00e9 intercept\u00e9e et appr\u00e9hend\u00e9e par la police dans la cours de la pagode-prison de Thich Quang Do \u00e0 Ho Chi Minh Ville.<\/p>\n<p>Or depuis un an, le gouvernement vietnamien semblait avoir accord\u00e9 une plus grande libert\u00e9 \u00e0 ses citoyens et mis une sourdine \u00e0 ses pratiques r\u00e9pressives. Mais cette libert\u00e9 factice et temporaire n\u2019a constitu\u00e9 qu\u2019une vitrine pour les yeux du monde et il appara\u00eet \u00e9vident qu\u2019elle ne visait qu\u2019\u00e0 tromper la communaut\u00e9 internationale en vue d\u2019obtenir divers avantages comme le retrait du Vietnam de la liste am\u00e9ricaine des \u00ab\u00a0Pays Particuli\u00e8rement Pr\u00e9occupants\u00a0\u00bb en mati\u00e8re de libert\u00e9 religieuse, son entr\u00e9e dans l\u2019Organisation Mondiale du Commerce, l\u2019octroi par les Etats-Unis du statut des relations commerciales normales et permanentes (PNTR) et la tenue sans vague du Sommet de l\u2019APEC \u00e0 Hanoi, en novembre 2006. Une fois ces objectifs atteints, le Vietnam a pu cyniquement reprendre sa politique de r\u00e9pression tous azimuts.<\/p>\n<p>Rappelant que le respect des droits de l\u2019Homme ne saurait \u00eatre un simple outil dans les n\u00e9gociations internationales mais bien l\u2019objectif premier de tout Etat digne de ce nom, la FIDH et ses 141 ligues exigent la lib\u00e9ration de toutes les personnes incarc\u00e9r\u00e9es au Vietnam du fait de l\u2019exercice pacifique de leurs droit \u00e0 la libert\u00e9 d\u2019expression, de conscience et d\u2019association, la fin imm\u00e9diate et inconditionnelle de la politique de r\u00e9pression contre les communaut\u00e9s religieuses \u00ab\u00a0non-reconnues\u00a0\u00bb, comme l\u2019Eglise Bouddhique Unifi\u00e9e du Vietnam, et le lancement de r\u00e9formes r\u00e9elles et effectives pour aboutir \u00e0 une soci\u00e9t\u00e9 d\u00e9mocratique et respectueuse des droits fondamentaux au Vietnam.<\/p>\n<p>&nbsp;<\/p>\n<p>&nbsp;<\/p>\n","protected":false},"excerpt":{"rendered":"<p>&nbsp; LISBONNE, 24 avril 2007 (VCHR) &#8211; Les membres de 141 ligues venant d\u2019Afrique, d\u2019Asie, des Am\u00e9riques et d\u2019Europe, r\u00e9unies \u00e0 Lisbonne, Portugal, du22 au 24 avril 2007 pour le 36\u00e8me Congr\u00e8s de la F\u00e9d\u00e9ration Internationale des Ligues des Droits de l\u2019Homme (FIDH), ont adopt\u00e9 deux r\u00e9solutions condamnant les violations des droits de l\u2019Homme au &hellip;<\/p>\n","protected":false},"author":375,"featured_media":0,"comment_status":"closed","ping_status":"closed","sticky":false,"template":"","format":"standard","meta":{"_bbp_topic_count":0,"_bbp_reply_count":0,"_bbp_total_topic_count":0,"_bbp_total_reply_count":0,"_bbp_voice_count":0,"_bbp_anonymous_reply_count":0,"_bbp_topic_count_hidden":0,"_bbp_reply_count_hidden":0,"_bbp_forum_subforum_count":0,"footnotes":""},"categories":[112,100,66],"tags":[301],"class_list":["post-796","post","type-post","status-publish","format-standard","","category-actualites","category-communique-de-presse","category-vchr-fr","tag-omct-fr"],"_links":{"self":[{"href":"https:\/\/queme.org\/fr\/wp-json\/wp\/v2\/posts\/796","targetHints":{"allow":["GET"]}}],"collection":[{"href":"https:\/\/queme.org\/fr\/wp-json\/wp\/v2\/posts"}],"about":[{"href":"https:\/\/queme.org\/fr\/wp-json\/wp\/v2\/types\/post"}],"author":[{"embeddable":true,"href":"https:\/\/queme.org\/fr\/wp-json\/wp\/v2\/users\/375"}],"replies":[{"embeddable":true,"href":"https:\/\/queme.org\/fr\/wp-json\/wp\/v2\/comments?post=796"}],"version-history":[{"count":0,"href":"https:\/\/queme.org\/fr\/wp-json\/wp\/v2\/posts\/796\/revisions"}],"wp:attachment":[{"href":"https:\/\/queme.org\/fr\/wp-json\/wp\/v2\/media?parent=796"}],"wp:term":[{"taxonomy":"category","embeddable":true,"href":"https:\/\/queme.org\/fr\/wp-json\/wp\/v2\/categories?post=796"},{"taxonomy":"post_tag","embeddable":true,"href":"https:\/\/queme.org\/fr\/wp-json\/wp\/v2\/tags?post=796"}],"curies":[{"name":"wp","href":"https:\/\/api.w.org\/{rel}","templated":true}]}}