{"id":924,"date":"2007-12-24T12:00:00","date_gmt":"2007-12-24T00:00:00","guid":{"rendered":"http:\/\/queme.org\/en\/lors-dune-rare-interview-tlvise-dans-sa-pagode-prison-le-leader-bouddhiste-thich-quang-do-en-appelle-la-dmocratie-au-vietnam\/"},"modified":"2017-02-16T10:43:32","modified_gmt":"2017-02-16T10:43:32","slug":"lors-dune-rare-interview-tlvise-dans-sa-pagode-prison-le-leader-bouddhiste-thich-quang-do-en-appelle-la-dmocratie-au-vietnam","status":"publish","type":"post","link":"https:\/\/queme.org\/fr\/lors-dune-rare-interview-tlvise-dans-sa-pagode-prison-le-leader-bouddhiste-thich-quang-do-en-appelle-la-dmocratie-au-vietnam\/","title":{"rendered":"Lors d\u2019une rare interview t\u00e9l\u00e9vis\u00e9e dans sa pagode-prison, le leader bouddhiste Thich Quang Do en appelle \u00e0 la d\u00e9mocratie au Vietnam"},"content":{"rendered":"<figure id=\"attachment_35049\" aria-describedby=\"caption-attachment-35049\" style=\"width: 142px\" class=\"wp-caption alignleft\"><img decoding=\"async\" class=\"size-full wp-image-35049\" src=\"http:\/\/queme.org\/\/app\/uploads\/2007\/12\/2007-1224a.jpg\" alt=\"Le Tr\u00e8s V\u00e9n\u00e9rable Thich Quang Do (Source Al Jazeera)\" width=\"142\" height=\"167\" \/><figcaption id=\"caption-attachment-35049\" class=\"wp-caption-text\">Le Tr\u00e8s V\u00e9n\u00e9rable<br \/>Thich Quang Do<br \/>(Source Al Jazeera)<\/figcaption><\/figure>\n<p>PARIS, 24 d\u00e9cembre 2007 (BIIB) &#8211; S\u2019exprimant depuis le Monast\u00e8re Zen Thanh Minh \u00e0 Saigon o\u00f9 il est assign\u00e9 \u00e0 r\u00e9sidence, l\u2019\u00e9minent dissident et deuxi\u00e8me dignitaire de l\u2019Eglise Bouddhique Unifi\u00e9e du Vietnam (EBUV, Eglise historique, ind\u00e9pendante, arbitrairement interdite depuis 1981) Thich Quang Do a donn\u00e9 une interview \u00e0 la cha\u00eene de t\u00e9l\u00e9vision <em>Al Jazeera<\/em> sur la situation au Vietnam. C\u2019est la premi\u00e8re fois depuis 25 ans qu\u2019il est en d\u00e9tention que Thich Quang Do, \u00e2g\u00e9 de 80 ans, est ainsi film\u00e9 par une t\u00e9l\u00e9vision.<\/p>\n<p><em>Al Jazeera<\/em> a diffus\u00e9 l\u2019interview avec une vid\u00e9o envoy\u00e9e clandestinement du Vietnam au <strong>Bureau International d\u2019Information Bouddhiste<\/strong> \u00e0 Paris, dans laquelle Thich Quang Do lance un appel pour la d\u00e9mocratie au Vietnam. Dans un article publi\u00e9 sur son site internet, Al Jazeera indique que les d\u00e9clarations de Thich Quang Do r\u00e9v\u00e8lent <em>\u00ab\u00a0une r\u00e9pression politique et une mis\u00e8re qui ne figurent pas dans les luxueuses brochures touristiques visant \u00e0 attirer les visiteurs au Vietnam \u00a0\u00bb<\/em>. L\u2019article reproduit des extraits des paroles de Thich Quang Do :<\/p>\n<p><em>\u00ab\u00a0Dans le Vietnam d\u2019aujourd\u2019hui, nous ne sommes pas libres. Nous sommes prisonniers de notre propre pays&#8230; Prisonniers d\u2019un r\u00e9gime qui d\u00e9cide de qui a le droit de parler et de qui doit se taire&#8230;<\/em><\/p>\n<p><em>\u00ab\u00a0J\u2019ai \u00e9t\u00e9 continuellement r\u00e9prim\u00e9 depuis 1975 par le r\u00e9gime communiste. En ce qui me concerne, je ne crains rien, rien, car je lutte pour une cause juste. Pour la v\u00e9rit\u00e9&#8230;<\/em><\/p>\n<p><em>\u00ab\u00a0Aujourd\u2019hui, nous n\u2019avons pas de partis d\u2019opposition, pas de presse libre, pas de syndicats libres, pas de soci\u00e9t\u00e9 civile. Toutes les religions ind\u00e9pendantes sont interdites&#8230; Tous les citoyens qui appellent \u00e0 des r\u00e9formes politiques, \u00e0 la d\u00e9mocratie ou aux droits de l\u2019Homme risquent d\u2019\u00eatre imm\u00e9diatement arr\u00eat\u00e9s. Seule l\u2019\u00e9conomie va un peu mieux. Mais politiquement parlant, rien ne change. Si vous vous allez \u00e0 la campagne, \u00e0 20 kilom\u00e8tres de Saigon, vous verrez. Les paysans sont tr\u00e8s, tr\u00e8s mis\u00e9rables&#8230;<\/em><\/p>\n<p><em>\u00ab\u00a0Nous devons avoir le pluralisme, le droit d\u2019avoir des \u00e9lections libres et de choisir notre syst\u00e8me politique&#8230; de jouir des libert\u00e9s d\u00e9mocratiques. En somme, le droit de forger notre propre avenir, de forger la destin\u00e9e de notre nation. Durant les 32 derni\u00e8res ann\u00e9es, nous en avons toujours appel\u00e9 au reste du monde. Et nous esp\u00e9rons comme vous&#8230; que vous, les \u00e9trangers, entendrez nos appels \u00a0\u00bb.<\/em><\/p>\n<div align=\"center\"><object width=\"425\" height=\"355\"><param name=\"movie\" value=\"http:\/\/www.youtube.com\/v\/fPlL3ngQraQ&amp;rel=1\" \/><param name=\"wmode\" value=\"transparent\" \/><embed src=\"http:\/\/www.youtube.com\/v\/fPlL3ngQraQ&amp;rel=1\" type=\"application\/x-shockwave-flash\" wmode=\"transparent\" width=\"425\" height=\"355\" \/><\/object><\/div>\n<p>&nbsp;<\/p>\n<p>&nbsp;<\/p>\n<div align=\"justify\"><span style=\"color: #660000;\"><b>Articles li\u00e9s\u00a0:<\/b><\/span><br \/>\n&#8211;<span class=\"dateleft\">\u00a0<a style=\"text-decoration: none;\" href=\"http:\/\/queme.org\/en\/vietnams-dissident-monk\/\">Vietnam\u2019s dissident monk <em>(Al Jazeera TV, 20 December 2007)<\/em><\/a> <em>(en anglais)<\/em><\/span><\/div>\n","protected":false},"excerpt":{"rendered":"<p>PARIS, 24 d\u00e9cembre 2007 (BIIB) &#8211; S\u2019exprimant depuis le Monast\u00e8re Zen Thanh Minh \u00e0 Saigon o\u00f9 il est assign\u00e9 \u00e0 r\u00e9sidence, l\u2019\u00e9minent dissident et deuxi\u00e8me dignitaire de l\u2019Eglise Bouddhique Unifi\u00e9e du Vietnam (EBUV, Eglise historique, ind\u00e9pendante, arbitrairement interdite depuis 1981) Thich Quang Do a donn\u00e9 une interview \u00e0 la cha\u00eene de t\u00e9l\u00e9vision Al Jazeera sur &hellip;<\/p>\n","protected":false},"author":375,"featured_media":0,"comment_status":"closed","ping_status":"closed","sticky":false,"template":"","format":"standard","meta":{"_bbp_topic_count":0,"_bbp_reply_count":0,"_bbp_total_topic_count":0,"_bbp_total_reply_count":0,"_bbp_voice_count":0,"_bbp_anonymous_reply_count":0,"_bbp_topic_count_hidden":0,"_bbp_reply_count_hidden":0,"_bbp_forum_subforum_count":0,"footnotes":""},"categories":[101],"tags":[],"class_list":["post-924","post","type-post","status-publish","format-standard","","category-ibib-fr"],"_links":{"self":[{"href":"https:\/\/queme.org\/fr\/wp-json\/wp\/v2\/posts\/924","targetHints":{"allow":["GET"]}}],"collection":[{"href":"https:\/\/queme.org\/fr\/wp-json\/wp\/v2\/posts"}],"about":[{"href":"https:\/\/queme.org\/fr\/wp-json\/wp\/v2\/types\/post"}],"author":[{"embeddable":true,"href":"https:\/\/queme.org\/fr\/wp-json\/wp\/v2\/users\/375"}],"replies":[{"embeddable":true,"href":"https:\/\/queme.org\/fr\/wp-json\/wp\/v2\/comments?post=924"}],"version-history":[{"count":0,"href":"https:\/\/queme.org\/fr\/wp-json\/wp\/v2\/posts\/924\/revisions"}],"wp:attachment":[{"href":"https:\/\/queme.org\/fr\/wp-json\/wp\/v2\/media?parent=924"}],"wp:term":[{"taxonomy":"category","embeddable":true,"href":"https:\/\/queme.org\/fr\/wp-json\/wp\/v2\/categories?post=924"},{"taxonomy":"post_tag","embeddable":true,"href":"https:\/\/queme.org\/fr\/wp-json\/wp\/v2\/tags?post=924"}],"curies":[{"name":"wp","href":"https:\/\/api.w.org\/{rel}","templated":true}]}}