{"id":2248,"date":"2014-03-06T12:00:00","date_gmt":"2014-03-06T00:00:00","guid":{"rendered":"http:\/\/queme.org\/en\/thng-co-chung-ca-lin-on-quc-t-nhn-quyn-v-y-ban-bo-v-quyn-lm-ngi-vit-namnbsp\/"},"modified":"2016-09-09T13:41:13","modified_gmt":"2016-09-09T13:41:13","slug":"thng-co-chung-ca-lin-on-quc-t-nhn-quyn-v-y-ban-bo-v-quyn-lm-ngi-vit-namnbsp","status":"publish","type":"post","link":"https:\/\/queme.org\/vi\/thng-co-chung-ca-lin-on-quc-t-nhn-quyn-v-y-ban-bo-v-quyn-lm-ngi-vit-namnbsp\/","title":{"rendered":"Th\u00f4ng c\u00e1o chung c\u1ee7a Li\u00ean \u0110o\u00e0n Qu\u1ed1c t\u1ebf Nh\u00e2n quy\u1ec1n v\u00e0 \u1ee6y ban B\u1ea3o v\u1ec7 Quy\u1ec1n L\u00e0m Ng\u01b0\u1eddi Vi\u1ec7t Nam\u00a0: H\u00e3y tr\u1ea3 t\u1ef1 do cho tr\u00ean 200 t\u00f9 nh\u00e2n b\u1ea5t \u0111\u1ed3ng ch\u00ednh ki\u1ebfn\u00a0!"},"content":{"rendered":"<p>PARIS, ng\u00e0y 6.3.2014 (FIDH &#038; UBBVQLNVN) &#8211; Vi\u1ec7t Nam ph\u1ea3i tr\u1ea3 t\u1ef1 do t\u1ee9c kh\u1eafc v\u00e0 v\u00f4 \u0111i\u1ec1u ki\u1ec7n cho tr\u00ean 200 t\u00f9 nh\u00e2n ch\u00ednh tr\u1ecb \u0111ang m\u00f2n m\u1ecfi trong c\u00e1c tr\u1ea1i t\u00f9 tr\u00ean to\u00e0n qu\u1ed1c, <strong>Li\u00ean \u0110\u00f2an Qu\u1ed1c t\u1ebf Nh\u00e2n quy\u1ec1n<\/strong> (FIDH) v\u00e0 <strong>\u1ee6y ban B\u1ea3o v\u1ec7 Quy\u1ec1n L\u00e0m Ng\u01b0\u1eddi Vi\u1ec7t Nam<\/strong> (VCHR) l\u00ean ti\u1ebfng h\u00f4m nay. K\u00e8m theo l\u1eddi k\u00eau g\u1ecdi n\u00e0y, <a href=\"http:\/\/www.queme.net\/eng\/200politicalprisoners.php\" target=\"_blank\" style=\"text-decoration:none;\"><font color=\"#AF7211\"><strong>FIDH v\u00e0 VCHR c\u00f4ng b\u1ed1 ch\u00e2n dung c\u1ee7a 17 t\u00f9 nh\u00e2n ch\u00ednh tr\u1ecb l\u00e0 nh\u1eefng tr\u01b0\u1eddng h\u1ee3p c\u1ea7n quan t\u00e2m<\/strong><\/font><\/a>.<\/p>\n<p>Ch\u1ee7 t\u1ecbch Li\u00ean \u0111o\u00e0n Qu\u1ed1c t\u1ebf Nh\u00e2n quy\u1ec1n, \u00f4ng Karim Lahidj n\u00f3i r\u1eb1ng\u00a0: <em><strong>\u201cVi\u1ec7t Nam b\u1eaft giam s\u1ed1 l\u01b0\u1ee3ng t\u00f9 nh\u00e2n ch\u00ednh tr\u1ecb cao nh\u1ea5t t\u1ea1i c\u00e1c n\u01b0\u1edbc \u0110\u00f4ng Nam \u00c1. Th\u1eadt \u0111\u00e1ng tr\u00e1ch cho m\u1ed9t qu\u1ed1c gia hi\u1ec7n \u0111ang l\u00e0m th\u00e0nh vi\u00ean H\u1ed9i \u0111\u1ed3ng Nh\u00e2n quy\u1ec1n LHQ\u201d.<\/strong><\/em> V\u00e0 \u00f4ng Lahidj k\u00eau g\u1ecdi\u00a0: <em><strong>\u201cM\u1ed9t chu\u1ed7i nh\u1eefng cu\u1ed9c x\u1eed \u00e1n, t\u1ea5n c\u00f4ng, s\u00e1ch nhi\u1ec5u g\u1ea7n \u0111\u00e2y \u0111\u1ed1i v\u1edbi c\u00e1c bloggers, nh\u00e0 b\u00e1o, v\u00e0 c\u00e1c nh\u00e0 ho\u1ea1t \u0111\u1ed9ng nh\u00e2n quy\u1ec1n cho th\u1ea5y Nh\u00e0 c\u1ea7m quy\u1ec1n Vi\u1ec7t Nam gia t\u0103ng \u0111\u00e0n \u00e1p c\u00e1c nh\u00e0 b\u1ea5t \u0111\u1ed3ng ch\u00ednh ki\u1ebfn. \u0110\u00e3 \u0111\u1ebfn l\u00fac C\u1ed9ng \u0111\u1ed3ng th\u1ebf gi\u1edbi ph\u1ea3i huy \u0111\u1ed9ng v\u00e0 y\u00eau s\u00e1ch H\u00e0 N\u1ed9i ch\u1ea5m d\u1ee9t cu\u1ed9c \u0111\u00e0n \u00e1p nh\u1eefng nh\u00e0 b\u1ea5t \u0111\u1ed3ng ch\u00ednh ki\u1ebfn b\u1ea5t b\u1ea1o \u0111\u1ed9ng v\u00e0 tr\u1ea3 t\u1ef1 do cho t\u00f9 nh\u00e2n ch\u00ednh tr\u1ecb\u201d.<\/strong><\/em><\/p>\n<p>Hi\u1ec7n c\u00f3 \u00edt nh\u1ea5t 212 t\u00f9 nh\u00e2n ch\u00ednh tr\u1ecb n\u1eb1m sau ch\u1ea5n song t\u1ea1i Vi\u1ec7t Nam, v\u00e0 nhi\u1ec1u h\u01a1n n\u1eefa l\u00e2m t\u00ecnh tr\u1ea1ng qu\u1ea3n ch\u1ebf t\u1ea1i gia. Nh\u1eefng ng\u01b0\u1eddi b\u1ecb c\u1ea7m t\u00f9 c\u00f3 c\u1ea3 c\u00e1c lu\u1eadt s\u01b0, bloggers, d\u00e2n oan, T\u0103ng s\u0129 Ph\u1eadt gi\u00e1o, nh\u00e0 b\u00e1o, nh\u00e0 v\u0103n, nh\u1ea1c s\u0129, c\u00f4ng nh\u00e2n c\u00f4ng \u0111o\u00e0n, nh\u1eefng ng\u01b0\u1eddi v\u1eadn \u0111\u1ed9ng d\u00e2n ch\u1ee7, v\u00e0 th\u00e0nh vi\u00ean d\u00e2n t\u1ed9c thi\u1ec3u s\u1ed1 hay c\u00e1c gi\u00e1o ph\u00e1i, nh\u01b0 Ph\u1eadt t\u1eed Khmer Krom, ng\u01b0\u1eddi Hmong v\u00e0 ng\u01b0\u1eddi Th\u01b0\u1ee3ng Thi\u00ean ch\u00faa gi\u00e1o. <\/p>\n<p>Li\u00ean \u0110o\u00e0n Qu\u1ed1c t\u1ebf Nh\u00e2n quy\u1ec1n v\u00e0 \u1ee6y ban B\u1ea3o v\u1ec7 Quy\u1ec1n L\u00e0m Ng\u01b0\u1eddi Vi\u1ec7t Nam k\u00eau g\u1ecdi ch\u00ednh quy\u1ec1n Vi\u1ec7t Nam xem x\u00e9t l\u1ea1i c\u00e1c \u0111i\u1ec1u lu\u1eadt \u0111\u00e3 \u0111\u01b0\u1ee3c s\u1eed d\u1ee5ng \u0111\u1ec3 b\u1eaft giam c\u00e1c nh\u00e0 ho\u1ea1t \u0111\u1ed9ng m\u00e0 h\u00e0nh x\u1eed c\u1ee7a h\u1ecd ch\u1ec9 s\u1eed d\u1ee5ng c\u00e1c quy\u1ec1n c\u01a1 b\u1ea3n c\u1ee7a nh\u00e2n quy\u1ec1n.<\/p>\n<p>\u00d4ng V\u00f5 V\u0103n \u00c1i, Ch\u1ee7 t\u1ecbch \u1ee6y ban B\u1ea3o v\u1ec7 Quy\u1ec1n L\u00e0m Ng\u01b0\u1eddi Vi\u1ec7t Nam n\u00f3i r\u1eb1ng\u00a0: <em><strong>\u201cVi\u1ec7t Nam ph\u1ea3i t\u1ee9c kh\u1eafc h\u1ee7y b\u1ecf c\u00e1c \u0111i\u1ec1u lu\u1eadt kh\u1eafc nghi\u1ec7t \u0111ang h\u1ea1n ch\u1ebf t\u1ef1 do ng\u00f4n lu\u1eadn\u201d.<\/strong><\/em> \u00d4ng c\u0169ng n\u00f3i th\u00eam\u00a0: <em><strong>\u201cL\u1eddi tuy\u00ean b\u1ed1 t\u00f4n tr\u1ecdng v\u00e0 b\u1ea3o v\u1ec7 nh\u00e2n quy\u1ec1n c\u1ee7a m\u1ed9t ch\u00ednh quy\u1ec1n ch\u1ec9 l\u00e0 l\u1eddi tuy\u00ean truy\u1ec1n s\u00e1o r\u1ed7ng, bao l\u00e2u Vi\u1ec7t Nam ch\u01b0a tu\u00e2n th\u1ee7 c\u00e1c ngh\u0129a v\u1ee5 qu\u1ed1c t\u1ebf \u0111\u1ec3 th\u1ef1c thi \u0111i\u1ec1u 19 trong C\u00f4ng \u01b0\u1edbc qu\u1ed1c t\u1ebf v\u1ec1 C\u00e1c quy\u1ec1n d\u00e2n s\u1ef1 v\u00e0 ch\u00ednh tr\u1ecb c\u1ee7a LHQ\u201d.<\/strong><\/em><\/p>\n<p>H\u00f4m 5.2 v\u1eeba qua, t\u1ea1i cu\u1ed9c Ki\u1ec3m \u0111i\u1ec3m Ph\u1ed5 qu\u00e1t \u0110\u1ecbnh k\u1ef3 (UPR) \u1edf Gen\u00e8ve, Th\u1ee9 tr\u01b0\u1edfng Ngo\u1ea1i giao H\u00e0 Kim Ng\u1ecdc n\u00f3i r\u1eb1ng \u201cch\u00ednh s\u00e1ch c\u01a1 b\u1ea3n\u201d c\u1ee7a Vi\u1ec7t Nam l\u00e0 t\u00f4n tr\u1ecdng, b\u1ea3o v\u1ec7, v\u00e0 th\u0103ng ti\u1ebfn nh\u00e2n quy\u1ec1n, c\u0169ng nh\u01b0 h\u1ee9a h\u1eb9n Vi\u1ec7t Nam s\u1ebd \u201cm\u1edf r\u1ed9ng d\u00e2n ch\u1ee7\u201d.<\/p>\n<div align=\"center\"><a href=\"http:\/\/www.queme.net\/eng\/200politicalprisoners.php\" target=\"_blank\" style=\"text-decoration:none;\"><font color=\"#AF7211\"><strong>FIDH v\u00e0 VCHR c\u00f4ng b\u1ed1 ch\u00e2n dung c\u1ee7a 17 t\u00f9 nh\u00e2n ch\u00ednh tr\u1ecb l\u00e0 nh\u1eefng tr\u01b0\u1eddng h\u1ee3p c\u1ea7n quan t\u00e2m<\/strong><\/font><\/a><\/div>\n<p><\/p>\n","protected":false},"excerpt":{"rendered":"<p>PARIS, ng\u00e0y 6.3.2014 (FIDH &#038; UBBVQLNVN) &#8211; Vi\u1ec7t Nam ph\u1ea3i tr\u1ea3 t\u1ef1 do t\u1ee9c kh\u1eafc v\u00e0 v\u00f4 \u0111i\u1ec1u ki\u1ec7n cho tr\u00ean 200 t\u00f9 nh\u00e2n ch\u00ednh tr\u1ecb \u0111ang m\u00f2n m\u1ecfi trong c\u00e1c tr\u1ea1i t\u00f9 tr\u00ean to\u00e0n qu\u1ed1c, Li\u00ean \u0110\u00f2an Qu\u1ed1c t\u1ebf Nh\u00e2n quy\u1ec1n (FIDH) v\u00e0 \u1ee6y ban B\u1ea3o v\u1ec7 Quy\u1ec1n L\u00e0m Ng\u01b0\u1eddi Vi\u1ec7t Nam (VCHR) l\u00ean &hellip;<\/p>\n","protected":false},"author":375,"featured_media":28726,"comment_status":"closed","ping_status":"closed","sticky":false,"template":"","format":"standard","meta":{"_bbp_topic_count":0,"_bbp_reply_count":0,"_bbp_total_topic_count":0,"_bbp_total_reply_count":0,"_bbp_voice_count":0,"_bbp_anonymous_reply_count":0,"_bbp_topic_count_hidden":0,"_bbp_reply_count_hidden":0,"_bbp_forum_subforum_count":0,"footnotes":""},"categories":[67],"tags":[],"class_list":["post-2248","post","type-post","status-publish","format-standard","has-post-thumbnail","","category-tin-ubbvqlnvn"],"_links":{"self":[{"href":"https:\/\/queme.org\/vi\/wp-json\/wp\/v2\/posts\/2248","targetHints":{"allow":["GET"]}}],"collection":[{"href":"https:\/\/queme.org\/vi\/wp-json\/wp\/v2\/posts"}],"about":[{"href":"https:\/\/queme.org\/vi\/wp-json\/wp\/v2\/types\/post"}],"author":[{"embeddable":true,"href":"https:\/\/queme.org\/vi\/wp-json\/wp\/v2\/users\/375"}],"replies":[{"embeddable":true,"href":"https:\/\/queme.org\/vi\/wp-json\/wp\/v2\/comments?post=2248"}],"version-history":[{"count":0,"href":"https:\/\/queme.org\/vi\/wp-json\/wp\/v2\/posts\/2248\/revisions"}],"wp:featuredmedia":[{"embeddable":true,"href":"https:\/\/queme.org\/vi\/wp-json\/wp\/v2\/media\/28726"}],"wp:attachment":[{"href":"https:\/\/queme.org\/vi\/wp-json\/wp\/v2\/media?parent=2248"}],"wp:term":[{"taxonomy":"category","embeddable":true,"href":"https:\/\/queme.org\/vi\/wp-json\/wp\/v2\/categories?post=2248"},{"taxonomy":"post_tag","embeddable":true,"href":"https:\/\/queme.org\/vi\/wp-json\/wp\/v2\/tags?post=2248"}],"curies":[{"name":"wp","href":"https:\/\/api.w.org\/{rel}","templated":true}]}}